{"id":26680,"date":"2026-05-01T11:25:35","date_gmt":"2026-05-01T17:25:35","guid":{"rendered":"https:\/\/elmetidosv.com\/?p=26680"},"modified":"2026-05-01T11:25:35","modified_gmt":"2026-05-01T17:25:35","slug":"trump-anuncia-aumento-de-aranceles-a-vehiculos-de-la-union-europea","status":"publish","type":"post","link":"https:\/\/elmetidosv.com\/?p=26680","title":{"rendered":"TRUMP ANUNCIA AUMENTO DE ARANCELES A VEH\u00cdCULOS DE LA UNI\u00d3N EUROPEA"},"content":{"rendered":"\n<figure class=\"wp-block-gallery has-nested-images columns-default is-cropped wp-block-gallery-1 is-layout-flex wp-block-gallery-is-layout-flex\">\n<figure class=\"wp-block-image size-large\"><img loading=\"lazy\" decoding=\"async\" width=\"905\" height=\"1024\" data-id=\"26682\" src=\"https:\/\/elmetidosv.com\/wp-content\/uploads\/2026\/05\/trump-2-905x1024.jpg\" alt=\"\" class=\"wp-image-26682\" srcset=\"https:\/\/elmetidosv.com\/wp-content\/uploads\/2026\/05\/trump-2-905x1024.jpg 905w, https:\/\/elmetidosv.com\/wp-content\/uploads\/2026\/05\/trump-2-265x300.jpg 265w, https:\/\/elmetidosv.com\/wp-content\/uploads\/2026\/05\/trump-2-768x869.jpg 768w, https:\/\/elmetidosv.com\/wp-content\/uploads\/2026\/05\/trump-2.jpg 1320w\" sizes=\"auto, (max-width: 905px) 100vw, 905px\" \/><\/figure>\n<\/figure>\n\n\n\n<p>El presidente de Estados Unidos, Donald Trump, anunci\u00f3 que su administraci\u00f3n incrementar\u00e1 al 25% los aranceles aplicados a autom\u00f3viles y camiones procedentes de la Uni\u00f3n Europea.<\/p>\n\n\n\n<p>Seg\u00fan el mandatario, la decisi\u00f3n responde a lo que calific\u00f3 como un incumplimiento del acuerdo comercial por parte del bloque europeo. Asimismo, se\u00f1al\u00f3 que los veh\u00edculos fabricados dentro de territorio estadounidense no estar\u00e1n sujetos a estos aranceles.<\/p>\n\n\n\n<p>Trump destac\u00f3 que actualmente se est\u00e1n desarrollando m\u00faltiples plantas de producci\u00f3n automotriz en EE.UU., con inversiones que, seg\u00fan afirm\u00f3, superan los 100 mil millones de d\u00f3lares, lo que consider\u00f3 un impulso hist\u00f3rico para la industria nacional.<\/p>\n\n\n\n<p>El anuncio podr\u00eda generar tensiones comerciales entre ambas econom\u00edas, dado el impacto que tendr\u00eda en las exportaciones europeas y en la din\u00e1mica del mercado automotriz internacional.<\/p>\n\n\n\n<figure class=\"wp-block-gallery has-nested-images columns-default is-cropped wp-block-gallery-2 is-layout-flex wp-block-gallery-is-layout-flex\">\n<figure class=\"wp-block-image size-large\"><img loading=\"lazy\" decoding=\"async\" width=\"1024\" height=\"1024\" data-id=\"23574\" src=\"https:\/\/elmetidosv.com\/wp-content\/uploads\/2026\/02\/santeins-2-bueno.jpeg\" alt=\"\" class=\"wp-image-23574\" srcset=\"https:\/\/elmetidosv.com\/wp-content\/uploads\/2026\/02\/santeins-2-bueno.jpeg 1024w, https:\/\/elmetidosv.com\/wp-content\/uploads\/2026\/02\/santeins-2-bueno-300x300.jpeg 300w, https:\/\/elmetidosv.com\/wp-content\/uploads\/2026\/02\/santeins-2-bueno-150x150.jpeg 150w, https:\/\/elmetidosv.com\/wp-content\/uploads\/2026\/02\/santeins-2-bueno-768x768.jpeg 768w\" sizes=\"auto, (max-width: 1024px) 100vw, 1024px\" \/><\/figure>\n<\/figure>\n","protected":false},"excerpt":{"rendered":"<p>El presidente de Estados Unidos, Donald Trump, anunci\u00f3 que su administraci\u00f3n incrementar\u00e1 al 25% los aranceles aplicados a autom\u00f3viles y<\/p>\n","protected":false},"author":2,"featured_media":26681,"comment_status":"closed","ping_status":"","sticky":false,"template":"","format":"standard","meta":{"colormag_page_container_layout":"default_layout","colormag_page_sidebar_layout":"default_layout","footnotes":""},"categories":[3],"tags":[3527,7948,7674,3521,47,1714,7854,19,7949,7643,7950,7696,1092,7951,7952,3174],"class_list":["post-26680","post","type-post","status-publish","format-standard","has-post-thumbnail","hentry","category-internacional","tag-aranceles","tag-automoviles","tag-comercio","tag-comercio-internacional","tag-donald-trump","tag-economia","tag-economia-tags-estados-unidos","tag-estados-unidos","tag-exportaciones","tag-finanzas","tag-industria-automotriz","tag-inversion","tag-noticias","tag-politica-economica","tag-tensiones-comerciales","tag-union-europea"],"_links":{"self":[{"href":"https:\/\/elmetidosv.com\/index.php?rest_route=\/wp\/v2\/posts\/26680","targetHints":{"allow":["GET"]}}],"collection":[{"href":"https:\/\/elmetidosv.com\/index.php?rest_route=\/wp\/v2\/posts"}],"about":[{"href":"https:\/\/elmetidosv.com\/index.php?rest_route=\/wp\/v2\/types\/post"}],"author":[{"embeddable":true,"href":"https:\/\/elmetidosv.com\/index.php?rest_route=\/wp\/v2\/users\/2"}],"replies":[{"embeddable":true,"href":"https:\/\/elmetidosv.com\/index.php?rest_route=%2Fwp%2Fv2%2Fcomments&post=26680"}],"version-history":[{"count":1,"href":"https:\/\/elmetidosv.com\/index.php?rest_route=\/wp\/v2\/posts\/26680\/revisions"}],"predecessor-version":[{"id":26683,"href":"https:\/\/elmetidosv.com\/index.php?rest_route=\/wp\/v2\/posts\/26680\/revisions\/26683"}],"wp:featuredmedia":[{"embeddable":true,"href":"https:\/\/elmetidosv.com\/index.php?rest_route=\/wp\/v2\/media\/26681"}],"wp:attachment":[{"href":"https:\/\/elmetidosv.com\/index.php?rest_route=%2Fwp%2Fv2%2Fmedia&parent=26680"}],"wp:term":[{"taxonomy":"category","embeddable":true,"href":"https:\/\/elmetidosv.com\/index.php?rest_route=%2Fwp%2Fv2%2Fcategories&post=26680"},{"taxonomy":"post_tag","embeddable":true,"href":"https:\/\/elmetidosv.com\/index.php?rest_route=%2Fwp%2Fv2%2Ftags&post=26680"}],"curies":[{"name":"wp","href":"https:\/\/api.w.org\/{rel}","templated":true}]}}