{"id":26677,"date":"2026-05-01T10:29:52","date_gmt":"2026-05-01T16:29:52","guid":{"rendered":"https:\/\/elmetidosv.com\/?p=26677"},"modified":"2026-05-01T10:29:52","modified_gmt":"2026-05-01T16:29:52","slug":"capturan-en-ee-uu-a-presunto-pandillero-salvadoreno-buscado-por-la-justicia","status":"publish","type":"post","link":"https:\/\/elmetidosv.com\/?p=26677","title":{"rendered":"CAPTURAN EN EE.UU. A PRESUNTO PANDILLERO SALVADORE\u00d1O BUSCADO POR LA JUSTICIA"},"content":{"rendered":"\n<p>Autoridades de Estados Unidos informaron sobre la captura de un fugitivo salvadore\u00f1o, presuntamente vinculado a la estructura criminal Pandilla 18 Sure\u00f1os.<\/p>\n\n\n\n<p>De acuerdo con el reporte, la detenci\u00f3n fue realizada en un operativo conjunto entre la Unidad de Inteligencia del Sector El Centro y ICE ERO Los \u00c1ngeles, quienes lograron ubicar y arrestar al individuo tras labores de seguimiento.<\/p>\n\n\n\n<p>Seg\u00fan las autoridades, el sujeto intentaba ocultarse en territorio estadounidense; sin embargo, fue identificado y posteriormente detenido por los agentes migratorios.<\/p>\n\n\n\n<p>A trav\u00e9s de sus redes sociales, voceros de ICE se\u00f1alaron que este tipo de acciones forman parte de los operativos para ubicar y retirar de las calles a personas consideradas peligrosas o con antecedentes criminales.<\/p>\n\n\n\n<p>El detenido permanecer\u00e1 bajo custodia mientras se define su situaci\u00f3n legal y posible proceso de deportaci\u00f3n.<\/p>\n\n\n\n<figure class=\"wp-block-gallery has-nested-images columns-default is-cropped wp-block-gallery-1 is-layout-flex wp-block-gallery-is-layout-flex\">\n<figure class=\"wp-block-image size-large\"><img loading=\"lazy\" decoding=\"async\" width=\"600\" height=\"480\" data-id=\"26048\" src=\"https:\/\/elmetidosv.com\/wp-content\/uploads\/2026\/04\/car-wash-1-2.jpg\" alt=\"\" class=\"wp-image-26048\" srcset=\"https:\/\/elmetidosv.com\/wp-content\/uploads\/2026\/04\/car-wash-1-2.jpg 600w, https:\/\/elmetidosv.com\/wp-content\/uploads\/2026\/04\/car-wash-1-2-300x240.jpg 300w\" sizes=\"auto, (max-width: 600px) 100vw, 600px\" \/><\/figure>\n<\/figure>\n","protected":false},"excerpt":{"rendered":"<p>Autoridades de Estados Unidos informaron sobre la captura de un fugitivo salvadore\u00f1o, presuntamente vinculado a la estructura criminal Pandilla 18<\/p>\n","protected":false},"author":2,"featured_media":26678,"comment_status":"closed","ping_status":"","sticky":false,"template":"","format":"standard","meta":{"colormag_page_container_layout":"default_layout","colormag_page_sidebar_layout":"default_layout","footnotes":""},"categories":[3],"tags":[96,7842,168,1204,2195,667,31,19,7658,7947,14,1228,22,29,365,7946,93],"class_list":["post-26677","post","type-post","status-publish","format-standard","has-post-thumbnail","hentry","category-internacional","tag-autoridades","tag-barrio-18-surenos","tag-captura","tag-crimen","tag-deportacion","tag-detencion","tag-el-salvador","tag-estados-unidos","tag-fugitivo","tag-fugitivo-tags-estados-unidos","tag-ice","tag-inmigracion","tag-investigacion","tag-noticias-internacionales","tag-pandilla-18-surenos","tag-pandillero","tag-seguridad"],"_links":{"self":[{"href":"https:\/\/elmetidosv.com\/index.php?rest_route=\/wp\/v2\/posts\/26677","targetHints":{"allow":["GET"]}}],"collection":[{"href":"https:\/\/elmetidosv.com\/index.php?rest_route=\/wp\/v2\/posts"}],"about":[{"href":"https:\/\/elmetidosv.com\/index.php?rest_route=\/wp\/v2\/types\/post"}],"author":[{"embeddable":true,"href":"https:\/\/elmetidosv.com\/index.php?rest_route=\/wp\/v2\/users\/2"}],"replies":[{"embeddable":true,"href":"https:\/\/elmetidosv.com\/index.php?rest_route=%2Fwp%2Fv2%2Fcomments&post=26677"}],"version-history":[{"count":1,"href":"https:\/\/elmetidosv.com\/index.php?rest_route=\/wp\/v2\/posts\/26677\/revisions"}],"predecessor-version":[{"id":26679,"href":"https:\/\/elmetidosv.com\/index.php?rest_route=\/wp\/v2\/posts\/26677\/revisions\/26679"}],"wp:featuredmedia":[{"embeddable":true,"href":"https:\/\/elmetidosv.com\/index.php?rest_route=\/wp\/v2\/media\/26678"}],"wp:attachment":[{"href":"https:\/\/elmetidosv.com\/index.php?rest_route=%2Fwp%2Fv2%2Fmedia&parent=26677"}],"wp:term":[{"taxonomy":"category","embeddable":true,"href":"https:\/\/elmetidosv.com\/index.php?rest_route=%2Fwp%2Fv2%2Fcategories&post=26677"},{"taxonomy":"post_tag","embeddable":true,"href":"https:\/\/elmetidosv.com\/index.php?rest_route=%2Fwp%2Fv2%2Ftags&post=26677"}],"curies":[{"name":"wp","href":"https:\/\/api.w.org\/{rel}","templated":true}]}}