{"id":26674,"date":"2026-05-01T09:47:33","date_gmt":"2026-05-01T15:47:33","guid":{"rendered":"https:\/\/elmetidosv.com\/?p=26674"},"modified":"2026-05-01T09:47:33","modified_gmt":"2026-05-01T15:47:33","slug":"detencion-de-beneficiario-de-daca-genera-preocupacion-en-ee-uu","status":"publish","type":"post","link":"https:\/\/elmetidosv.com\/?p=26674","title":{"rendered":"DETENCI\u00d3N DE BENEFICIARIO DE DACA GENERA PREOCUPACI\u00d3N EN EE.UU."},"content":{"rendered":"\n<p>El caso de Jos\u00e9 Contreras, un inmigrante hondure\u00f1o beneficiario del programa DACA, ha generado inquietud luego de ser detenido nuevamente por autoridades migratorias al ingresar a Estados Unidos, pese a contar con autorizaci\u00f3n oficial para su retorno.<\/p>\n\n\n\n<p>Contreras hab\u00eda sido deportado meses atr\u00e1s, pero posteriormente obtuvo permiso para regresar y reunirse con su familia en Texas, incluyendo a su hijo reci\u00e9n nacido, a quien a\u00fan no conoc\u00eda.<\/p>\n\n\n\n<p>Seg\u00fan organizaciones y su equipo legal, la detenci\u00f3n se produjo sin una explicaci\u00f3n clara, incluso cuando el propio Gobierno estadounidense habr\u00eda facilitado su vuelo de regreso.<\/p>\n\n\n\n<p>El caso ocurre en un contexto de cambios recientes en pol\u00edticas migratorias que podr\u00edan impactar a beneficiarios de DACA, lo que ha encendido alertas sobre la incertidumbre legal que enfrentan miles de inmigrantes en situaciones similares.<\/p>\n\n\n\n<figure class=\"wp-block-gallery has-nested-images columns-default is-cropped wp-block-gallery-1 is-layout-flex wp-block-gallery-is-layout-flex\">\n<figure class=\"wp-block-image size-large\"><img loading=\"lazy\" decoding=\"async\" width=\"1024\" height=\"1024\" data-id=\"23574\" src=\"https:\/\/elmetidosv.com\/wp-content\/uploads\/2026\/02\/santeins-2-bueno.jpeg\" alt=\"\" class=\"wp-image-23574\" srcset=\"https:\/\/elmetidosv.com\/wp-content\/uploads\/2026\/02\/santeins-2-bueno.jpeg 1024w, https:\/\/elmetidosv.com\/wp-content\/uploads\/2026\/02\/santeins-2-bueno-300x300.jpeg 300w, https:\/\/elmetidosv.com\/wp-content\/uploads\/2026\/02\/santeins-2-bueno-150x150.jpeg 150w, https:\/\/elmetidosv.com\/wp-content\/uploads\/2026\/02\/santeins-2-bueno-768x768.jpeg 768w\" sizes=\"auto, (max-width: 1024px) 100vw, 1024px\" \/><\/figure>\n<\/figure>\n","protected":false},"excerpt":{"rendered":"<p>El caso de Jos\u00e9 Contreras, un inmigrante hondure\u00f1o beneficiario del programa DACA, ha generado inquietud luego de ser detenido nuevamente<\/p>\n","protected":false},"author":2,"featured_media":26675,"comment_status":"closed","ping_status":"","sticky":false,"template":"","format":"standard","meta":{"colormag_page_container_layout":"default_layout","colormag_page_sidebar_layout":"default_layout","footnotes":""},"categories":[1],"tags":[4069,2195,6155,667,19,5814,331,7945,1228,7943,2215,29,15,7944,1524],"class_list":["post-26674","post","type-post","status-publish","format-standard","has-post-thumbnail","hentry","category-nacional","tag-daca","tag-deportacion","tag-derechos","tag-detencion","tag-estados-unidos","tag-familia","tag-gobierno","tag-incertidumbre-legal","tag-inmigracion","tag-jose-contreras","tag-migrantes","tag-noticias-internacionales","tag-politicas-migratorias","tag-politicas-migratorias-tags-estados-unidos","tag-texas"],"_links":{"self":[{"href":"https:\/\/elmetidosv.com\/index.php?rest_route=\/wp\/v2\/posts\/26674","targetHints":{"allow":["GET"]}}],"collection":[{"href":"https:\/\/elmetidosv.com\/index.php?rest_route=\/wp\/v2\/posts"}],"about":[{"href":"https:\/\/elmetidosv.com\/index.php?rest_route=\/wp\/v2\/types\/post"}],"author":[{"embeddable":true,"href":"https:\/\/elmetidosv.com\/index.php?rest_route=\/wp\/v2\/users\/2"}],"replies":[{"embeddable":true,"href":"https:\/\/elmetidosv.com\/index.php?rest_route=%2Fwp%2Fv2%2Fcomments&post=26674"}],"version-history":[{"count":1,"href":"https:\/\/elmetidosv.com\/index.php?rest_route=\/wp\/v2\/posts\/26674\/revisions"}],"predecessor-version":[{"id":26676,"href":"https:\/\/elmetidosv.com\/index.php?rest_route=\/wp\/v2\/posts\/26674\/revisions\/26676"}],"wp:featuredmedia":[{"embeddable":true,"href":"https:\/\/elmetidosv.com\/index.php?rest_route=\/wp\/v2\/media\/26675"}],"wp:attachment":[{"href":"https:\/\/elmetidosv.com\/index.php?rest_route=%2Fwp%2Fv2%2Fmedia&parent=26674"}],"wp:term":[{"taxonomy":"category","embeddable":true,"href":"https:\/\/elmetidosv.com\/index.php?rest_route=%2Fwp%2Fv2%2Fcategories&post=26674"},{"taxonomy":"post_tag","embeddable":true,"href":"https:\/\/elmetidosv.com\/index.php?rest_route=%2Fwp%2Fv2%2Ftags&post=26674"}],"curies":[{"name":"wp","href":"https:\/\/api.w.org\/{rel}","templated":true}]}}