{"id":26666,"date":"2026-05-01T09:01:20","date_gmt":"2026-05-01T15:01:20","guid":{"rendered":"https:\/\/elmetidosv.com\/?p=26666"},"modified":"2026-05-01T09:01:20","modified_gmt":"2026-05-01T15:01:20","slug":"trump-plantea-posible-retiro-de-tropas-en-europa-y-genera-reacciones","status":"publish","type":"post","link":"https:\/\/elmetidosv.com\/?p=26666","title":{"rendered":"TRUMP PLANTEA POSIBLE RETIRO DE TROPAS EN EUROPA Y GENERA REACCIONES"},"content":{"rendered":"\n<p>El presidente de Estados Unidos, Donald Trump, afirm\u00f3 que est\u00e1 considerando retirar tropas estadounidenses de pa\u00edses como Italia y Espa\u00f1a, tras haber insinuado previamente una medida similar con Alemania.<\/p>\n\n\n\n<p>Durante sus declaraciones, el mandatario cuestion\u00f3 el nivel de apoyo recibido por parte de estos aliados y expres\u00f3 inconformidad con sus posturas en distintos conflictos internacionales.<\/p>\n\n\n\n<p>Las afirmaciones han generado atenci\u00f3n en el \u00e1mbito pol\u00edtico y diplom\u00e1tico, debido al posible impacto que una decisi\u00f3n de este tipo tendr\u00eda en la presencia militar estadounidense en Europa y en las relaciones estrat\u00e9gicas con sus aliados.<\/p>\n\n\n\n<p>Por el momento, no se ha anunciado ninguna medida oficial; sin embargo, el planteamiento ya ha comenzado a provocar reacciones en distintos sectores.<\/p>\n\n\n\n<figure class=\"wp-block-gallery has-nested-images columns-default is-cropped wp-block-gallery-1 is-layout-flex wp-block-gallery-is-layout-flex\">\n<figure class=\"wp-block-image size-large\"><img loading=\"lazy\" decoding=\"async\" width=\"1024\" height=\"1024\" data-id=\"23574\" src=\"https:\/\/elmetidosv.com\/wp-content\/uploads\/2026\/02\/santeins-2-bueno.jpeg\" alt=\"\" class=\"wp-image-23574\" srcset=\"https:\/\/elmetidosv.com\/wp-content\/uploads\/2026\/02\/santeins-2-bueno.jpeg 1024w, https:\/\/elmetidosv.com\/wp-content\/uploads\/2026\/02\/santeins-2-bueno-300x300.jpeg 300w, https:\/\/elmetidosv.com\/wp-content\/uploads\/2026\/02\/santeins-2-bueno-150x150.jpeg 150w, https:\/\/elmetidosv.com\/wp-content\/uploads\/2026\/02\/santeins-2-bueno-768x768.jpeg 768w\" sizes=\"auto, (max-width: 1024px) 100vw, 1024px\" \/><\/figure>\n<\/figure>\n","protected":false},"excerpt":{"rendered":"<p>El presidente de Estados Unidos, Donald Trump, afirm\u00f3 que est\u00e1 considerando retirar tropas estadounidenses de pa\u00edses como Italia y Espa\u00f1a,<\/p>\n","protected":false},"author":2,"featured_media":26667,"comment_status":"closed","ping_status":"","sticky":false,"template":"","format":"standard","meta":{"colormag_page_container_layout":"default_layout","colormag_page_sidebar_layout":"default_layout","footnotes":""},"categories":[3],"tags":[7405,7936,6739,228,47,1071,19,7061,7204,7934,1092,344,7935,6001,93,7933],"class_list":["post-26666","post","type-post","status-publish","format-standard","has-post-thumbnail","hentry","category-internacional","tag-alemania","tag-aliados","tag-defensa","tag-diplomacia","tag-donald-trump","tag-espana","tag-estados-unidos","tag-europa","tag-geopolitica","tag-italia","tag-noticias","tag-politica-internacional","tag-relaciones-internacionales-tags-estados-unidos","tag-retiro","tag-seguridad","tag-tropas"],"_links":{"self":[{"href":"https:\/\/elmetidosv.com\/index.php?rest_route=\/wp\/v2\/posts\/26666","targetHints":{"allow":["GET"]}}],"collection":[{"href":"https:\/\/elmetidosv.com\/index.php?rest_route=\/wp\/v2\/posts"}],"about":[{"href":"https:\/\/elmetidosv.com\/index.php?rest_route=\/wp\/v2\/types\/post"}],"author":[{"embeddable":true,"href":"https:\/\/elmetidosv.com\/index.php?rest_route=\/wp\/v2\/users\/2"}],"replies":[{"embeddable":true,"href":"https:\/\/elmetidosv.com\/index.php?rest_route=%2Fwp%2Fv2%2Fcomments&post=26666"}],"version-history":[{"count":1,"href":"https:\/\/elmetidosv.com\/index.php?rest_route=\/wp\/v2\/posts\/26666\/revisions"}],"predecessor-version":[{"id":26668,"href":"https:\/\/elmetidosv.com\/index.php?rest_route=\/wp\/v2\/posts\/26666\/revisions\/26668"}],"wp:featuredmedia":[{"embeddable":true,"href":"https:\/\/elmetidosv.com\/index.php?rest_route=\/wp\/v2\/media\/26667"}],"wp:attachment":[{"href":"https:\/\/elmetidosv.com\/index.php?rest_route=%2Fwp%2Fv2%2Fmedia&parent=26666"}],"wp:term":[{"taxonomy":"category","embeddable":true,"href":"https:\/\/elmetidosv.com\/index.php?rest_route=%2Fwp%2Fv2%2Fcategories&post=26666"},{"taxonomy":"post_tag","embeddable":true,"href":"https:\/\/elmetidosv.com\/index.php?rest_route=%2Fwp%2Fv2%2Ftags&post=26666"}],"curies":[{"name":"wp","href":"https:\/\/api.w.org\/{rel}","templated":true}]}}