{"id":26661,"date":"2026-05-01T08:46:27","date_gmt":"2026-05-01T14:46:27","guid":{"rendered":"https:\/\/elmetidosv.com\/?p=26661"},"modified":"2026-05-01T08:46:27","modified_gmt":"2026-05-01T14:46:27","slug":"identificaron-a-la-mujer-que-fue-asesinada-anoche-en-candelaria-de-la-frontera-buscan-a-sospechoso","status":"publish","type":"post","link":"https:\/\/elmetidosv.com\/?p=26661","title":{"rendered":"IDENTIFICARON A LA MUJER QUE FUE ASESINADA ANOCHE EN CANDELARIA DE LA FRONTERA; BUSCAN A SOSPECHOSO"},"content":{"rendered":"\n<figure class=\"wp-block-gallery has-nested-images columns-default is-cropped wp-block-gallery-1 is-layout-flex wp-block-gallery-is-layout-flex\">\n<figure class=\"wp-block-image size-large\"><img loading=\"lazy\" decoding=\"async\" width=\"165\" height=\"163\" data-id=\"26663\" src=\"https:\/\/elmetidosv.com\/wp-content\/uploads\/2026\/05\/LORENZA-3.png\" alt=\"\" class=\"wp-image-26663\"\/><\/figure>\n<\/figure>\n\n\n\n<p>Fue identificada como Lorenza del Tr\u00e1nsito Cardona, de 65 a\u00f1os, la mujer que perdi\u00f3 la vida la noche del mi\u00e9rcoles tras un hecho violento registrado en la colonia Las \u00c1nimas, cant\u00f3n Tierra Blanca, en el distrito de Candelaria de la Frontera.<\/p>\n\n\n\n<p>De acuerdo con informaci\u00f3n oficial, la v\u00edctima fue atacada con arma blanca por un sujeto identificado como Maynor Humberto Garc\u00eda Flores, alias \u201cLa Mica\u201d o \u201cTiquiza\u201d, quien resid\u00eda en la misma zona.<\/p>\n\n\n\n<p>El hecho ha generado consternaci\u00f3n entre los habitantes, quienes recuerdan a Lorenza como una persona tranquila, trabajadora y apreciada en la comunidad.<\/p>\n\n\n\n<figure class=\"wp-block-gallery has-nested-images columns-default is-cropped wp-block-gallery-2 is-layout-flex wp-block-gallery-is-layout-flex\">\n<figure class=\"wp-block-image size-large\"><img loading=\"lazy\" decoding=\"async\" width=\"720\" height=\"445\" data-id=\"26664\" src=\"https:\/\/elmetidosv.com\/wp-content\/uploads\/2026\/05\/LORENZA-4.jpg\" alt=\"\" class=\"wp-image-26664\" srcset=\"https:\/\/elmetidosv.com\/wp-content\/uploads\/2026\/05\/LORENZA-4.jpg 720w, https:\/\/elmetidosv.com\/wp-content\/uploads\/2026\/05\/LORENZA-4-300x185.jpg 300w\" sizes=\"auto, (max-width: 720px) 100vw, 720px\" \/><\/figure>\n<\/figure>\n\n\n\n<p>La Polic\u00eda Nacional Civil confirm\u00f3 el homicidio a trav\u00e9s de sus redes sociales e inform\u00f3 que equipos de Inteligencia e Investigaciones se encuentran desplegados en la zona para ubicar al responsable.<\/p>\n\n\n\n<p>\u201cReportamos un homicidio en Candelaria de la Frontera, Santa Ana Oeste. La v\u00edctima es una mujer de 65 a\u00f1os quien fue lesionada con arma blanca. Equipos de Inteligencia e Investigaciones buscan al responsable\u201d, detallaron las autoridades.<\/p>\n\n\n\n<p>El caso contin\u00faa en desarrollo mientras avanzan las labores de b\u00fasqueda.<\/p>\n\n\n\n<figure class=\"wp-block-gallery has-nested-images columns-default is-cropped wp-block-gallery-3 is-layout-flex wp-block-gallery-is-layout-flex\">\n<figure class=\"wp-block-image size-large\"><img loading=\"lazy\" decoding=\"async\" width=\"600\" height=\"480\" data-id=\"26048\" src=\"https:\/\/elmetidosv.com\/wp-content\/uploads\/2026\/04\/car-wash-1-2.jpg\" alt=\"\" class=\"wp-image-26048\" srcset=\"https:\/\/elmetidosv.com\/wp-content\/uploads\/2026\/04\/car-wash-1-2.jpg 600w, https:\/\/elmetidosv.com\/wp-content\/uploads\/2026\/04\/car-wash-1-2-300x240.jpg 300w\" sizes=\"auto, (max-width: 600px) 100vw, 600px\" \/><\/figure>\n<\/figure>\n","protected":false},"excerpt":{"rendered":"<p>Fue identificada como Lorenza del Tr\u00e1nsito Cardona, de 65 a\u00f1os, la mujer que perdi\u00f3 la vida la noche del mi\u00e9rcoles<\/p>\n","protected":false},"author":2,"featured_media":26662,"comment_status":"closed","ping_status":"","sticky":false,"template":"","format":"standard","meta":{"colormag_page_container_layout":"default_layout","colormag_page_sidebar_layout":"default_layout","footnotes":""},"categories":[1],"tags":[2455,96,2999,259,675,22,2183,5686,1092,85,33,93,7932,7258,216],"class_list":["post-26661","post","type-post","status-publish","format-standard","has-post-thumbnail","hentry","category-nacional","tag-arma-blanca","tag-autoridades","tag-candelaria-de-la-frontera","tag-comunidad","tag-homicidio","tag-investigacion","tag-investigacion-tags-el-salvador","tag-mujer","tag-noticias","tag-pnc","tag-santa-ana","tag-seguridad","tag-sospechoso","tag-victima","tag-violencia"],"_links":{"self":[{"href":"https:\/\/elmetidosv.com\/index.php?rest_route=\/wp\/v2\/posts\/26661","targetHints":{"allow":["GET"]}}],"collection":[{"href":"https:\/\/elmetidosv.com\/index.php?rest_route=\/wp\/v2\/posts"}],"about":[{"href":"https:\/\/elmetidosv.com\/index.php?rest_route=\/wp\/v2\/types\/post"}],"author":[{"embeddable":true,"href":"https:\/\/elmetidosv.com\/index.php?rest_route=\/wp\/v2\/users\/2"}],"replies":[{"embeddable":true,"href":"https:\/\/elmetidosv.com\/index.php?rest_route=%2Fwp%2Fv2%2Fcomments&post=26661"}],"version-history":[{"count":1,"href":"https:\/\/elmetidosv.com\/index.php?rest_route=\/wp\/v2\/posts\/26661\/revisions"}],"predecessor-version":[{"id":26665,"href":"https:\/\/elmetidosv.com\/index.php?rest_route=\/wp\/v2\/posts\/26661\/revisions\/26665"}],"wp:featuredmedia":[{"embeddable":true,"href":"https:\/\/elmetidosv.com\/index.php?rest_route=\/wp\/v2\/media\/26662"}],"wp:attachment":[{"href":"https:\/\/elmetidosv.com\/index.php?rest_route=%2Fwp%2Fv2%2Fmedia&parent=26661"}],"wp:term":[{"taxonomy":"category","embeddable":true,"href":"https:\/\/elmetidosv.com\/index.php?rest_route=%2Fwp%2Fv2%2Fcategories&post=26661"},{"taxonomy":"post_tag","embeddable":true,"href":"https:\/\/elmetidosv.com\/index.php?rest_route=%2Fwp%2Fv2%2Ftags&post=26661"}],"curies":[{"name":"wp","href":"https:\/\/api.w.org\/{rel}","templated":true}]}}