{"id":26656,"date":"2026-04-30T16:22:01","date_gmt":"2026-04-30T22:22:01","guid":{"rendered":"https:\/\/elmetidosv.com\/?p=26656"},"modified":"2026-04-30T16:22:01","modified_gmt":"2026-04-30T22:22:01","slug":"motociclista-resulta-lesionado-en-redondel-santa-maria-santa-ana","status":"publish","type":"post","link":"https:\/\/elmetidosv.com\/?p=26656","title":{"rendered":"MOTOCICLISTA RESULTA LESIONADO EN REDONDEL SANTA MAR\u00cdA, SANTA ANA"},"content":{"rendered":"\n<figure class=\"wp-block-gallery has-nested-images columns-default is-cropped wp-block-gallery-1 is-layout-flex wp-block-gallery-is-layout-flex\">\n<figure class=\"wp-block-image size-large\"><img loading=\"lazy\" decoding=\"async\" width=\"286\" height=\"358\" data-id=\"26658\" src=\"https:\/\/elmetidosv.com\/wp-content\/uploads\/2026\/04\/21-1.jpg\" alt=\"\" class=\"wp-image-26658\" srcset=\"https:\/\/elmetidosv.com\/wp-content\/uploads\/2026\/04\/21-1.jpg 286w, https:\/\/elmetidosv.com\/wp-content\/uploads\/2026\/04\/21-1-240x300.jpg 240w\" sizes=\"auto, (max-width: 286px) 100vw, 286px\" \/><\/figure>\n<\/figure>\n\n\n\n<p>Un motociclista result\u00f3 lesionado tras un accidente de tr\u00e1nsito registrado en el redondel Santa Mar\u00eda, en Santa Ana.<br>De acuerdo con testigos, el conductor no portaba casco de seguridad al momento del percance y presentaba diversas lesiones, aunque se encontraba consciente cuando recibi\u00f3 asistencia.<\/p>\n\n\n\n<figure class=\"wp-block-gallery has-nested-images columns-default is-cropped wp-block-gallery-2 is-layout-flex wp-block-gallery-is-layout-flex\">\n<figure class=\"wp-block-image size-large\"><img loading=\"lazy\" decoding=\"async\" width=\"286\" height=\"286\" data-id=\"26659\" src=\"https:\/\/elmetidosv.com\/wp-content\/uploads\/2026\/04\/22-1.jpg\" alt=\"\" class=\"wp-image-26659\" srcset=\"https:\/\/elmetidosv.com\/wp-content\/uploads\/2026\/04\/22-1.jpg 286w, https:\/\/elmetidosv.com\/wp-content\/uploads\/2026\/04\/22-1-150x150.jpg 150w\" sizes=\"auto, (max-width: 286px) 100vw, 286px\" \/><\/figure>\n<\/figure>\n\n\n\n<p><br>Personas particulares brindaron auxilio inicial mientras llegaban los cuerpos de socorro para atender la emergencia en la carretera que conduce de Santa Ana hacia Chalchuapa.<br>Hasta el momento, se desconocen las causas que originaron el accidente, por lo que ser\u00e1n las autoridades quienes determinen lo ocurrido.<\/p>\n\n\n\n<figure class=\"wp-block-gallery has-nested-images columns-default is-cropped wp-block-gallery-3 is-layout-flex wp-block-gallery-is-layout-flex\">\n<figure class=\"wp-block-image size-large\"><img loading=\"lazy\" decoding=\"async\" width=\"600\" height=\"480\" data-id=\"26048\" src=\"https:\/\/elmetidosv.com\/wp-content\/uploads\/2026\/04\/car-wash-1-2.jpg\" alt=\"\" class=\"wp-image-26048\" srcset=\"https:\/\/elmetidosv.com\/wp-content\/uploads\/2026\/04\/car-wash-1-2.jpg 600w, https:\/\/elmetidosv.com\/wp-content\/uploads\/2026\/04\/car-wash-1-2-300x240.jpg 300w\" sizes=\"auto, (max-width: 600px) 100vw, 600px\" \/><\/figure>\n<\/figure>\n","protected":false},"excerpt":{"rendered":"<p>Un motociclista result\u00f3 lesionado tras un accidente de tr\u00e1nsito registrado en el redondel Santa Mar\u00eda, en Santa Ana.De acuerdo con<\/p>\n","protected":false},"author":2,"featured_media":26657,"comment_status":"closed","ping_status":"","sticky":false,"template":"","format":"standard","meta":{"colormag_page_container_layout":"default_layout","colormag_page_sidebar_layout":"default_layout","footnotes":""},"categories":[1],"tags":[261,96,7855,330,22,1256,377,1092,7799,33,122,387,120,6921],"class_list":["post-26656","post","type-post","status-publish","format-standard","has-post-thumbnail","hentry","category-nacional","tag-accidente","tag-autoridades","tag-casco","tag-emergencia","tag-investigacion","tag-lesionado","tag-motociclista","tag-noticias","tag-redondel-santa-maria","tag-santa-ana","tag-seguridad-vial","tag-socorristas","tag-transito","tag-transito-tags-el-salvador"],"_links":{"self":[{"href":"https:\/\/elmetidosv.com\/index.php?rest_route=\/wp\/v2\/posts\/26656","targetHints":{"allow":["GET"]}}],"collection":[{"href":"https:\/\/elmetidosv.com\/index.php?rest_route=\/wp\/v2\/posts"}],"about":[{"href":"https:\/\/elmetidosv.com\/index.php?rest_route=\/wp\/v2\/types\/post"}],"author":[{"embeddable":true,"href":"https:\/\/elmetidosv.com\/index.php?rest_route=\/wp\/v2\/users\/2"}],"replies":[{"embeddable":true,"href":"https:\/\/elmetidosv.com\/index.php?rest_route=%2Fwp%2Fv2%2Fcomments&post=26656"}],"version-history":[{"count":1,"href":"https:\/\/elmetidosv.com\/index.php?rest_route=\/wp\/v2\/posts\/26656\/revisions"}],"predecessor-version":[{"id":26660,"href":"https:\/\/elmetidosv.com\/index.php?rest_route=\/wp\/v2\/posts\/26656\/revisions\/26660"}],"wp:featuredmedia":[{"embeddable":true,"href":"https:\/\/elmetidosv.com\/index.php?rest_route=\/wp\/v2\/media\/26657"}],"wp:attachment":[{"href":"https:\/\/elmetidosv.com\/index.php?rest_route=%2Fwp%2Fv2%2Fmedia&parent=26656"}],"wp:term":[{"taxonomy":"category","embeddable":true,"href":"https:\/\/elmetidosv.com\/index.php?rest_route=%2Fwp%2Fv2%2Fcategories&post=26656"},{"taxonomy":"post_tag","embeddable":true,"href":"https:\/\/elmetidosv.com\/index.php?rest_route=%2Fwp%2Fv2%2Ftags&post=26656"}],"curies":[{"name":"wp","href":"https:\/\/api.w.org\/{rel}","templated":true}]}}