{"id":26652,"date":"2026-04-30T16:01:26","date_gmt":"2026-04-30T22:01:26","guid":{"rendered":"https:\/\/elmetidosv.com\/?p=26652"},"modified":"2026-04-30T16:01:26","modified_gmt":"2026-04-30T22:01:26","slug":"multiple-accidente-en-los-chorros-involucro-siete-vehiculos","status":"publish","type":"post","link":"https:\/\/elmetidosv.com\/?p=26652","title":{"rendered":"M\u00daLTIPLE ACCIDENTE EN LOS CHORROS INVOLUCR\u00d3 SIETE VEH\u00cdCULOS"},"content":{"rendered":"\n<figure class=\"wp-block-gallery has-nested-images columns-default is-cropped wp-block-gallery-1 is-layout-flex wp-block-gallery-is-layout-flex\">\n<figure class=\"wp-block-image size-large\"><img loading=\"lazy\" decoding=\"async\" width=\"1024\" height=\"855\" data-id=\"26654\" src=\"https:\/\/elmetidosv.com\/wp-content\/uploads\/2026\/04\/los-chorros-2-1024x855.jpg\" alt=\"\" class=\"wp-image-26654\" srcset=\"https:\/\/elmetidosv.com\/wp-content\/uploads\/2026\/04\/los-chorros-2-1024x855.jpg 1024w, https:\/\/elmetidosv.com\/wp-content\/uploads\/2026\/04\/los-chorros-2-300x251.jpg 300w, https:\/\/elmetidosv.com\/wp-content\/uploads\/2026\/04\/los-chorros-2-768x641.jpg 768w, https:\/\/elmetidosv.com\/wp-content\/uploads\/2026\/04\/los-chorros-2.jpg 1437w\" sizes=\"auto, (max-width: 1024px) 100vw, 1024px\" \/><\/figure>\n<\/figure>\n\n\n\n<p>Un m\u00faltiple accidente de tr\u00e1nsito se registr\u00f3 en las cercan\u00edas del Parque Recreativo Los Chorros, en el carril que de Santa Tecla conduce hacia el occidente del pa\u00eds.<\/p>\n\n\n\n<p>De acuerdo con los reportes, una volqueta del Ministerio de Obras P\u00fablicas colision\u00f3 con al menos seis veh\u00edculos m\u00e1s. Entre ellos, un sed\u00e1n result\u00f3 el m\u00e1s afectado tras impactar contra los separadores de la v\u00eda.<\/p>\n\n\n\n<p>Las autoridades se hicieron presentes en la zona para atender la emergencia y gestionar el tr\u00e1fico vehicular.<\/p>\n\n\n\n<p>Hasta el momento, no se reportan personas lesionadas, \u00fanicamente da\u00f1os materiales, y a\u00fan no se ha determinado la causa del percance.<\/p>\n\n\n\n<figure class=\"wp-block-gallery has-nested-images columns-default is-cropped wp-block-gallery-2 is-layout-flex wp-block-gallery-is-layout-flex\">\n<figure class=\"wp-block-image size-large\"><img loading=\"lazy\" decoding=\"async\" width=\"600\" height=\"480\" data-id=\"26048\" src=\"https:\/\/elmetidosv.com\/wp-content\/uploads\/2026\/04\/car-wash-1-2.jpg\" alt=\"\" class=\"wp-image-26048\" srcset=\"https:\/\/elmetidosv.com\/wp-content\/uploads\/2026\/04\/car-wash-1-2.jpg 600w, https:\/\/elmetidosv.com\/wp-content\/uploads\/2026\/04\/car-wash-1-2-300x240.jpg 300w\" sizes=\"auto, (max-width: 600px) 100vw, 600px\" \/><\/figure>\n<\/figure>\n","protected":false},"excerpt":{"rendered":"<p>Un m\u00faltiple accidente de tr\u00e1nsito se registr\u00f3 en las cercan\u00edas del Parque Recreativo Los Chorros, en el carril que de<\/p>\n","protected":false},"author":2,"featured_media":26653,"comment_status":"closed","ping_status":"","sticky":false,"template":"","format":"standard","meta":{"colormag_page_container_layout":"default_layout","colormag_page_sidebar_layout":"default_layout","footnotes":""},"categories":[1],"tags":[261,7929,96,1571,463,330,7928,2995,7930,1092,444,831,120,3708,7931],"class_list":["post-26652","post","type-post","status-publish","format-standard","has-post-thumbnail","hentry","category-nacional","tag-accidente","tag-accidente-multiple","tag-autoridades","tag-carretera","tag-danos-materiales","tag-emergencia","tag-los-chorros","tag-mop","tag-multiple","tag-noticias","tag-santa-tecla","tag-trafico","tag-transito","tag-vehiculos","tag-vehiculos-tags-el-salvador"],"_links":{"self":[{"href":"https:\/\/elmetidosv.com\/index.php?rest_route=\/wp\/v2\/posts\/26652","targetHints":{"allow":["GET"]}}],"collection":[{"href":"https:\/\/elmetidosv.com\/index.php?rest_route=\/wp\/v2\/posts"}],"about":[{"href":"https:\/\/elmetidosv.com\/index.php?rest_route=\/wp\/v2\/types\/post"}],"author":[{"embeddable":true,"href":"https:\/\/elmetidosv.com\/index.php?rest_route=\/wp\/v2\/users\/2"}],"replies":[{"embeddable":true,"href":"https:\/\/elmetidosv.com\/index.php?rest_route=%2Fwp%2Fv2%2Fcomments&post=26652"}],"version-history":[{"count":1,"href":"https:\/\/elmetidosv.com\/index.php?rest_route=\/wp\/v2\/posts\/26652\/revisions"}],"predecessor-version":[{"id":26655,"href":"https:\/\/elmetidosv.com\/index.php?rest_route=\/wp\/v2\/posts\/26652\/revisions\/26655"}],"wp:featuredmedia":[{"embeddable":true,"href":"https:\/\/elmetidosv.com\/index.php?rest_route=\/wp\/v2\/media\/26653"}],"wp:attachment":[{"href":"https:\/\/elmetidosv.com\/index.php?rest_route=%2Fwp%2Fv2%2Fmedia&parent=26652"}],"wp:term":[{"taxonomy":"category","embeddable":true,"href":"https:\/\/elmetidosv.com\/index.php?rest_route=%2Fwp%2Fv2%2Fcategories&post=26652"},{"taxonomy":"post_tag","embeddable":true,"href":"https:\/\/elmetidosv.com\/index.php?rest_route=%2Fwp%2Fv2%2Ftags&post=26652"}],"curies":[{"name":"wp","href":"https:\/\/api.w.org\/{rel}","templated":true}]}}