{"id":26644,"date":"2026-04-30T15:11:03","date_gmt":"2026-04-30T21:11:03","guid":{"rendered":"https:\/\/elmetidosv.com\/?p=26644"},"modified":"2026-04-30T15:11:03","modified_gmt":"2026-04-30T21:11:03","slug":"un-motociclista-resulto-lesionado-en-un-accidente-entre-chalchuapa-y-santa-ana","status":"publish","type":"post","link":"https:\/\/elmetidosv.com\/?p=26644","title":{"rendered":"UN MOTOCICLISTA RESULT\u00d3 LESIONADO EN UN ACCIDENTE ENTRE CHALCHUAPA Y SANTA ANA"},"content":{"rendered":"\n<figure class=\"wp-block-gallery has-nested-images columns-default is-cropped wp-block-gallery-1 is-layout-flex wp-block-gallery-is-layout-flex\">\n<figure class=\"wp-block-image size-large\"><img loading=\"lazy\" decoding=\"async\" width=\"1024\" height=\"716\" data-id=\"26646\" src=\"https:\/\/elmetidosv.com\/wp-content\/uploads\/2026\/04\/CHAL-2-1024x716.jpg\" alt=\"\" class=\"wp-image-26646\" srcset=\"https:\/\/elmetidosv.com\/wp-content\/uploads\/2026\/04\/CHAL-2-1024x716.jpg 1024w, https:\/\/elmetidosv.com\/wp-content\/uploads\/2026\/04\/CHAL-2-300x210.jpg 300w, https:\/\/elmetidosv.com\/wp-content\/uploads\/2026\/04\/CHAL-2-768x537.jpg 768w, https:\/\/elmetidosv.com\/wp-content\/uploads\/2026\/04\/CHAL-2-130x90.jpg 130w, https:\/\/elmetidosv.com\/wp-content\/uploads\/2026\/04\/CHAL-2.jpg 1200w\" sizes=\"auto, (max-width: 1024px) 100vw, 1024px\" \/><\/figure>\n<\/figure>\n\n\n\n<p>Un motociclista result\u00f3 lesionado tras un accidente de tr\u00e1nsito ocurrido sobre la carretera que conecta Chalchuapa con Santa Ana, a la altura de la residencial Ecoterra.<\/p>\n\n\n\n<p>De acuerdo con reportes preliminares, el percance se produjo cuando el motociclista impact\u00f3 en la parte trasera de un veh\u00edculo, presuntamente tras una maniobra vial de un pickup en plena carretera. A ra\u00edz del impacto, el conductor de la motocicleta cay\u00f3 sobre la calzada, sufriendo m\u00faltiples lesiones.<\/p>\n\n\n\n<p>Cuerpos de socorro atendieron la emergencia y evaluaron a un hombre de 29 a\u00f1os, quien presentaba diversas laceraciones. Posteriormente, fue trasladado en condici\u00f3n estable al Instituto Salvadore\u00f1o del Seguro Social (ISSS) de Santa Ana para una atenci\u00f3n m\u00e1s especializada.<\/p>\n\n\n\n<figure class=\"wp-block-gallery has-nested-images columns-default is-cropped wp-block-gallery-2 is-layout-flex wp-block-gallery-is-layout-flex\">\n<figure class=\"wp-block-image size-large\"><img loading=\"lazy\" decoding=\"async\" width=\"768\" height=\"1024\" data-id=\"26647\" src=\"https:\/\/elmetidosv.com\/wp-content\/uploads\/2026\/04\/CHAL-3-768x1024.jpg\" alt=\"\" class=\"wp-image-26647\" srcset=\"https:\/\/elmetidosv.com\/wp-content\/uploads\/2026\/04\/CHAL-3-768x1024.jpg 768w, https:\/\/elmetidosv.com\/wp-content\/uploads\/2026\/04\/CHAL-3-225x300.jpg 225w, https:\/\/elmetidosv.com\/wp-content\/uploads\/2026\/04\/CHAL-3-1152x1536.jpg 1152w, https:\/\/elmetidosv.com\/wp-content\/uploads\/2026\/04\/CHAL-3.jpg 1200w\" sizes=\"auto, (max-width: 768px) 100vw, 768px\" \/><\/figure>\n<\/figure>\n\n\n\n<p>El accidente gener\u00f3 fuerte congestionamiento vehicular en la zona, extendi\u00e9ndose hasta San Sebasti\u00e1n Salitrillo.<\/p>\n\n\n\n<p>Autoridades reiteran el llamado a conducir con precauci\u00f3n y respetar las normas de tr\u00e1nsito para evitar este tipo de incidentes.<\/p>\n\n\n\n<p>PUBLICIDAD <\/p>\n\n\n\n<figure class=\"wp-block-gallery has-nested-images columns-default is-cropped wp-block-gallery-3 is-layout-flex wp-block-gallery-is-layout-flex\">\n<figure class=\"wp-block-image size-large\"><img loading=\"lazy\" decoding=\"async\" width=\"1024\" height=\"1024\" data-id=\"23574\" src=\"https:\/\/elmetidosv.com\/wp-content\/uploads\/2026\/02\/santeins-2-bueno.jpeg\" alt=\"\" class=\"wp-image-23574\" srcset=\"https:\/\/elmetidosv.com\/wp-content\/uploads\/2026\/02\/santeins-2-bueno.jpeg 1024w, https:\/\/elmetidosv.com\/wp-content\/uploads\/2026\/02\/santeins-2-bueno-300x300.jpeg 300w, https:\/\/elmetidosv.com\/wp-content\/uploads\/2026\/02\/santeins-2-bueno-150x150.jpeg 150w, https:\/\/elmetidosv.com\/wp-content\/uploads\/2026\/02\/santeins-2-bueno-768x768.jpeg 768w\" sizes=\"auto, (max-width: 1024px) 100vw, 1024px\" \/><\/figure>\n<\/figure>\n","protected":false},"excerpt":{"rendered":"<p>Un motociclista result\u00f3 lesionado tras un accidente de tr\u00e1nsito ocurrido sobre la carretera que conecta Chalchuapa con Santa Ana, a<\/p>\n","protected":false},"author":2,"featured_media":26645,"comment_status":"closed","ping_status":"","sticky":false,"template":"","format":"standard","meta":{"colormag_page_container_layout":"default_layout","colormag_page_sidebar_layout":"default_layout","footnotes":""},"categories":[1],"tags":[261,1585,6874,330,5038,1256,7925,377,1092,33,122,387,831,120],"class_list":["post-26644","post","type-post","status-publish","format-standard","has-post-thumbnail","hentry","category-nacional","tag-accidente","tag-chalchuapa","tag-ecoterra","tag-emergencia","tag-isss","tag-lesionado","tag-lesionado-tags-el-salvador","tag-motociclista","tag-noticias","tag-santa-ana","tag-seguridad-vial","tag-socorristas","tag-trafico","tag-transito"],"_links":{"self":[{"href":"https:\/\/elmetidosv.com\/index.php?rest_route=\/wp\/v2\/posts\/26644","targetHints":{"allow":["GET"]}}],"collection":[{"href":"https:\/\/elmetidosv.com\/index.php?rest_route=\/wp\/v2\/posts"}],"about":[{"href":"https:\/\/elmetidosv.com\/index.php?rest_route=\/wp\/v2\/types\/post"}],"author":[{"embeddable":true,"href":"https:\/\/elmetidosv.com\/index.php?rest_route=\/wp\/v2\/users\/2"}],"replies":[{"embeddable":true,"href":"https:\/\/elmetidosv.com\/index.php?rest_route=%2Fwp%2Fv2%2Fcomments&post=26644"}],"version-history":[{"count":1,"href":"https:\/\/elmetidosv.com\/index.php?rest_route=\/wp\/v2\/posts\/26644\/revisions"}],"predecessor-version":[{"id":26648,"href":"https:\/\/elmetidosv.com\/index.php?rest_route=\/wp\/v2\/posts\/26644\/revisions\/26648"}],"wp:featuredmedia":[{"embeddable":true,"href":"https:\/\/elmetidosv.com\/index.php?rest_route=\/wp\/v2\/media\/26645"}],"wp:attachment":[{"href":"https:\/\/elmetidosv.com\/index.php?rest_route=%2Fwp%2Fv2%2Fmedia&parent=26644"}],"wp:term":[{"taxonomy":"category","embeddable":true,"href":"https:\/\/elmetidosv.com\/index.php?rest_route=%2Fwp%2Fv2%2Fcategories&post=26644"},{"taxonomy":"post_tag","embeddable":true,"href":"https:\/\/elmetidosv.com\/index.php?rest_route=%2Fwp%2Fv2%2Ftags&post=26644"}],"curies":[{"name":"wp","href":"https:\/\/api.w.org\/{rel}","templated":true}]}}