{"id":26640,"date":"2026-04-30T14:53:43","date_gmt":"2026-04-30T20:53:43","guid":{"rendered":"https:\/\/elmetidosv.com\/?p=26640"},"modified":"2026-04-30T14:53:43","modified_gmt":"2026-04-30T20:53:43","slug":"menor-resulta-gravemente-herido-tras-chocar-contra-rastra-en-calle-a-nejapa","status":"publish","type":"post","link":"https:\/\/elmetidosv.com\/?p=26640","title":{"rendered":"MENOR RESULTA GRAVEMENTE HERIDO TRAS CHOCAR CONTRA RASTRA EN CALLE A NEJAPA"},"content":{"rendered":"\n<figure class=\"wp-block-gallery has-nested-images columns-default is-cropped wp-block-gallery-1 is-layout-flex wp-block-gallery-is-layout-flex\">\n<figure class=\"wp-block-image size-large\"><img loading=\"lazy\" decoding=\"async\" width=\"720\" height=\"924\" data-id=\"26642\" src=\"https:\/\/elmetidosv.com\/wp-content\/uploads\/2026\/04\/neja-2.jpg\" alt=\"\" class=\"wp-image-26642\" srcset=\"https:\/\/elmetidosv.com\/wp-content\/uploads\/2026\/04\/neja-2.jpg 720w, https:\/\/elmetidosv.com\/wp-content\/uploads\/2026\/04\/neja-2-234x300.jpg 234w\" sizes=\"auto, (max-width: 720px) 100vw, 720px\" \/><\/figure>\n<\/figure>\n\n\n\n<p>Un motociclista de 17 a\u00f1os result\u00f3 gravemente lesionado tras impactar contra la parte trasera de una rastra en la calle antigua a Nejapa, frente a la parada conocida como Port\u00f3n Negro.<br>De acuerdo con los reportes, el joven qued\u00f3 inconsciente y sin documentos de identificaci\u00f3n, presentando m\u00faltiples traumas a causa del fuerte impacto.<br>Equipos de Comandos de Salvamento, seccional Nejapa, atendieron la emergencia en el lugar con apoyo del Instituto Salvadore\u00f1o del Seguro Social (ISSS) de Apopa.<br>Posteriormente, el menor fue trasladado de emergencia al Hospital Nacional Zacamil, donde recibe atenci\u00f3n m\u00e9dica especializada.<br>Las autoridades se encuentran investigando las circunstancias del accidente.<\/p>\n\n\n\n<p>PUBLICIDAD <\/p>\n\n\n\n<figure class=\"wp-block-gallery has-nested-images columns-default is-cropped wp-block-gallery-2 is-layout-flex wp-block-gallery-is-layout-flex\">\n<figure class=\"wp-block-image size-large\"><img loading=\"lazy\" decoding=\"async\" width=\"1024\" height=\"1024\" data-id=\"23574\" src=\"https:\/\/elmetidosv.com\/wp-content\/uploads\/2026\/02\/santeins-2-bueno.jpeg\" alt=\"\" class=\"wp-image-23574\" srcset=\"https:\/\/elmetidosv.com\/wp-content\/uploads\/2026\/02\/santeins-2-bueno.jpeg 1024w, https:\/\/elmetidosv.com\/wp-content\/uploads\/2026\/02\/santeins-2-bueno-300x300.jpeg 300w, https:\/\/elmetidosv.com\/wp-content\/uploads\/2026\/02\/santeins-2-bueno-150x150.jpeg 150w, https:\/\/elmetidosv.com\/wp-content\/uploads\/2026\/02\/santeins-2-bueno-768x768.jpeg 768w\" sizes=\"auto, (max-width: 1024px) 100vw, 1024px\" \/><\/figure>\n<\/figure>\n","protected":false},"excerpt":{"rendered":"<p>Un motociclista de 17 a\u00f1os result\u00f3 gravemente lesionado tras impactar contra la parte trasera de una rastra en la calle<\/p>\n","protected":false},"author":2,"featured_media":26641,"comment_status":"closed","ping_status":"","sticky":false,"template":"","format":"standard","meta":{"colormag_page_container_layout":"default_layout","colormag_page_sidebar_layout":"default_layout","footnotes":""},"categories":[1],"tags":[261,96,117,330,7194,1539,547,22,5038,5813,377,806,1092,414,122,120,2987],"class_list":["post-26640","post","type-post","status-publish","format-standard","has-post-thumbnail","hentry","category-nacional","tag-accidente","tag-autoridades","tag-comandos-de-salvamento","tag-emergencia","tag-emergencia-tags-el-salvador","tag-herido-grave","tag-hospital-zacamil","tag-investigacion","tag-isss","tag-menor","tag-motociclista","tag-nejapa","tag-noticias","tag-rastra","tag-seguridad-vial","tag-transito","tag-zacamil"],"_links":{"self":[{"href":"https:\/\/elmetidosv.com\/index.php?rest_route=\/wp\/v2\/posts\/26640","targetHints":{"allow":["GET"]}}],"collection":[{"href":"https:\/\/elmetidosv.com\/index.php?rest_route=\/wp\/v2\/posts"}],"about":[{"href":"https:\/\/elmetidosv.com\/index.php?rest_route=\/wp\/v2\/types\/post"}],"author":[{"embeddable":true,"href":"https:\/\/elmetidosv.com\/index.php?rest_route=\/wp\/v2\/users\/2"}],"replies":[{"embeddable":true,"href":"https:\/\/elmetidosv.com\/index.php?rest_route=%2Fwp%2Fv2%2Fcomments&post=26640"}],"version-history":[{"count":1,"href":"https:\/\/elmetidosv.com\/index.php?rest_route=\/wp\/v2\/posts\/26640\/revisions"}],"predecessor-version":[{"id":26643,"href":"https:\/\/elmetidosv.com\/index.php?rest_route=\/wp\/v2\/posts\/26640\/revisions\/26643"}],"wp:featuredmedia":[{"embeddable":true,"href":"https:\/\/elmetidosv.com\/index.php?rest_route=\/wp\/v2\/media\/26641"}],"wp:attachment":[{"href":"https:\/\/elmetidosv.com\/index.php?rest_route=%2Fwp%2Fv2%2Fmedia&parent=26640"}],"wp:term":[{"taxonomy":"category","embeddable":true,"href":"https:\/\/elmetidosv.com\/index.php?rest_route=%2Fwp%2Fv2%2Fcategories&post=26640"},{"taxonomy":"post_tag","embeddable":true,"href":"https:\/\/elmetidosv.com\/index.php?rest_route=%2Fwp%2Fv2%2Ftags&post=26640"}],"curies":[{"name":"wp","href":"https:\/\/api.w.org\/{rel}","templated":true}]}}