{"id":26636,"date":"2026-04-30T14:41:56","date_gmt":"2026-04-30T20:41:56","guid":{"rendered":"https:\/\/elmetidosv.com\/?p=26636"},"modified":"2026-04-30T14:41:56","modified_gmt":"2026-04-30T20:41:56","slug":"estudiante-de-15-anos-muere-tras-chocar-con-autobus-en-cuscatlan","status":"publish","type":"post","link":"https:\/\/elmetidosv.com\/?p=26636","title":{"rendered":"ESTUDIANTE DE 15 A\u00d1OS MUERE TRAS CHOCAR CON AUTOB\u00daS EN CUSCATL\u00c1N"},"content":{"rendered":"\n<figure class=\"wp-block-gallery has-nested-images columns-default is-cropped wp-block-gallery-1 is-layout-flex wp-block-gallery-is-layout-flex\">\n<figure class=\"wp-block-image size-large\"><img loading=\"lazy\" decoding=\"async\" width=\"720\" height=\"313\" data-id=\"26638\" src=\"https:\/\/elmetidosv.com\/wp-content\/uploads\/2026\/04\/choque-2-4.jpg\" alt=\"\" class=\"wp-image-26638\" srcset=\"https:\/\/elmetidosv.com\/wp-content\/uploads\/2026\/04\/choque-2-4.jpg 720w, https:\/\/elmetidosv.com\/wp-content\/uploads\/2026\/04\/choque-2-4-300x130.jpg 300w\" sizes=\"auto, (max-width: 720px) 100vw, 720px\" \/><\/figure>\n<\/figure>\n\n\n\n<p>Un tr\u00e1gico accidente de tr\u00e1nsito cobr\u00f3 la vida de un estudiante de 15 a\u00f1os en el kil\u00f3metro 8 de la carretera hacia San Jos\u00e9 Guayabal.<br>De acuerdo con reportes preliminares, el menor se vio involucrado en un fuerte percance vial al colisionar con un autob\u00fas, falleciendo en el lugar debido a la gravedad de las lesiones.<br>Socorristas de Comandos de Salvamento, seccional San Mart\u00edn, acudieron r\u00e1pidamente a la escena; sin embargo, al evaluarlo confirmaron que ya no presentaba signos vitales.<br>El hecho se encuentra en desarrollo mientras las autoridades realizan las inspecciones correspondientes para esclarecer las circunstancias del accidente.<br><\/p>\n\n\n\n<figure class=\"wp-block-gallery has-nested-images columns-default is-cropped wp-block-gallery-2 is-layout-flex wp-block-gallery-is-layout-flex\">\n<figure class=\"wp-block-image size-large\"><img loading=\"lazy\" decoding=\"async\" width=\"600\" height=\"480\" data-id=\"26048\" src=\"https:\/\/elmetidosv.com\/wp-content\/uploads\/2026\/04\/car-wash-1-2.jpg\" alt=\"\" class=\"wp-image-26048\" srcset=\"https:\/\/elmetidosv.com\/wp-content\/uploads\/2026\/04\/car-wash-1-2.jpg 600w, https:\/\/elmetidosv.com\/wp-content\/uploads\/2026\/04\/car-wash-1-2-300x240.jpg 300w\" sizes=\"auto, (max-width: 600px) 100vw, 600px\" \/><\/figure>\n<\/figure>\n","protected":false},"excerpt":{"rendered":"<p>Un tr\u00e1gico accidente de tr\u00e1nsito cobr\u00f3 la vida de un estudiante de 15 a\u00f1os en el kil\u00f3metro 8 de la<\/p>\n","protected":false},"author":2,"featured_media":26637,"comment_status":"closed","ping_status":"","sticky":false,"template":"","format":"standard","meta":{"colormag_page_container_layout":"default_layout","colormag_page_sidebar_layout":"default_layout","footnotes":""},"categories":[1],"tags":[261,1017,96,117,7852,733,1383,380,22,1092,7924,122,1325,120],"class_list":["post-26636","post","type-post","status-publish","format-standard","has-post-thumbnail","hentry","category-nacional","tag-accidente","tag-autobus","tag-autoridades","tag-comandos-de-salvamento","tag-comandos-de-salvamento-tags-el-salvador-2","tag-cuscatlan","tag-estudiante","tag-fallecido","tag-investigacion","tag-noticias","tag-san-jose-guayabal","tag-seguridad-vial","tag-tragedia","tag-transito"],"_links":{"self":[{"href":"https:\/\/elmetidosv.com\/index.php?rest_route=\/wp\/v2\/posts\/26636","targetHints":{"allow":["GET"]}}],"collection":[{"href":"https:\/\/elmetidosv.com\/index.php?rest_route=\/wp\/v2\/posts"}],"about":[{"href":"https:\/\/elmetidosv.com\/index.php?rest_route=\/wp\/v2\/types\/post"}],"author":[{"embeddable":true,"href":"https:\/\/elmetidosv.com\/index.php?rest_route=\/wp\/v2\/users\/2"}],"replies":[{"embeddable":true,"href":"https:\/\/elmetidosv.com\/index.php?rest_route=%2Fwp%2Fv2%2Fcomments&post=26636"}],"version-history":[{"count":1,"href":"https:\/\/elmetidosv.com\/index.php?rest_route=\/wp\/v2\/posts\/26636\/revisions"}],"predecessor-version":[{"id":26639,"href":"https:\/\/elmetidosv.com\/index.php?rest_route=\/wp\/v2\/posts\/26636\/revisions\/26639"}],"wp:featuredmedia":[{"embeddable":true,"href":"https:\/\/elmetidosv.com\/index.php?rest_route=\/wp\/v2\/media\/26637"}],"wp:attachment":[{"href":"https:\/\/elmetidosv.com\/index.php?rest_route=%2Fwp%2Fv2%2Fmedia&parent=26636"}],"wp:term":[{"taxonomy":"category","embeddable":true,"href":"https:\/\/elmetidosv.com\/index.php?rest_route=%2Fwp%2Fv2%2Fcategories&post=26636"},{"taxonomy":"post_tag","embeddable":true,"href":"https:\/\/elmetidosv.com\/index.php?rest_route=%2Fwp%2Fv2%2Ftags&post=26636"}],"curies":[{"name":"wp","href":"https:\/\/api.w.org\/{rel}","templated":true}]}}