{"id":26631,"date":"2026-04-30T12:32:31","date_gmt":"2026-04-30T18:32:31","guid":{"rendered":"https:\/\/elmetidosv.com\/?p=26631"},"modified":"2026-04-30T12:32:31","modified_gmt":"2026-04-30T18:32:31","slug":"ee-uu-acusa-a-funcionarios-mexicanos-de-presuntos-vinculos-con-el-narcotrafico","status":"publish","type":"post","link":"https:\/\/elmetidosv.com\/?p=26631","title":{"rendered":"EE.UU. ACUSA A FUNCIONARIOS MEXICANOS DE PRESUNTOS V\u00cdNCULOS CON EL NARCOTR\u00c1FICO"},"content":{"rendered":"\n<figure class=\"wp-block-gallery has-nested-images columns-default is-cropped wp-block-gallery-1 is-layout-flex wp-block-gallery-is-layout-flex\">\n<figure class=\"wp-block-image size-large\"><img loading=\"lazy\" decoding=\"async\" width=\"963\" height=\"790\" data-id=\"26633\" src=\"https:\/\/elmetidosv.com\/wp-content\/uploads\/2026\/04\/rocha-2.jpg\" alt=\"\" class=\"wp-image-26633\" srcset=\"https:\/\/elmetidosv.com\/wp-content\/uploads\/2026\/04\/rocha-2.jpg 963w, https:\/\/elmetidosv.com\/wp-content\/uploads\/2026\/04\/rocha-2-300x246.jpg 300w, https:\/\/elmetidosv.com\/wp-content\/uploads\/2026\/04\/rocha-2-768x630.jpg 768w\" sizes=\"auto, (max-width: 963px) 100vw, 963px\" \/><\/figure>\n<\/figure>\n\n\n\n<p>El Departamento de Justicia de Estados Unidos present\u00f3 cargos contra el gobernador de Sinaloa, Rub\u00e9n Rocha Moya, el alcalde de Culiac\u00e1n, Juan de Dios G\u00e1mez Mend\u00edvil, y otros funcionarios y exfuncionarios mexicanos por presuntos v\u00ednculos con el narcotr\u00e1fico.<\/p>\n\n\n\n<p>De acuerdo con la Fiscal\u00eda del Distrito Sur de Nueva York, un total de diez personas habr\u00edan conspirado con el C\u00e1rtel de Sinaloa para traficar drogas como fentanilo, coca\u00edna, hero\u00edna y metanfetamina hacia territorio estadounidense, a cambio de apoyo pol\u00edtico y sobornos millonarios.<\/p>\n\n\n\n<p>Las autoridades tambi\u00e9n se\u00f1alan que los implicados habr\u00edan brindado protecci\u00f3n a miembros del cartel \u2014incluida la facci\u00f3n conocida como Los Chapitos\u2014 con el fin de evitar investigaciones o detenciones.<\/p>\n\n\n\n<p>Todos los se\u00f1alados enfrentan cargos graves que podr\u00edan derivar en penas m\u00ednimas de hasta 40 a\u00f1os de prisi\u00f3n o incluso cadena perpetua.<\/p>\n\n\n\n<p>El caso forma parte de los esfuerzos del gobierno estadounidense por combatir los v\u00ednculos entre el crimen organizado y la corrupci\u00f3n pol\u00edtica a nivel internacional.<\/p>\n\n\n\n<figure class=\"wp-block-gallery has-nested-images columns-default is-cropped wp-block-gallery-2 is-layout-flex wp-block-gallery-is-layout-flex\">\n<figure class=\"wp-block-image size-large\"><img loading=\"lazy\" decoding=\"async\" width=\"1015\" height=\"1024\" data-id=\"26634\" src=\"https:\/\/elmetidosv.com\/wp-content\/uploads\/2026\/04\/rocha-3-1015x1024.jpg\" alt=\"\" class=\"wp-image-26634\" srcset=\"https:\/\/elmetidosv.com\/wp-content\/uploads\/2026\/04\/rocha-3-1015x1024.jpg 1015w, https:\/\/elmetidosv.com\/wp-content\/uploads\/2026\/04\/rocha-3-297x300.jpg 297w, https:\/\/elmetidosv.com\/wp-content\/uploads\/2026\/04\/rocha-3-150x150.jpg 150w, https:\/\/elmetidosv.com\/wp-content\/uploads\/2026\/04\/rocha-3-768x775.jpg 768w, https:\/\/elmetidosv.com\/wp-content\/uploads\/2026\/04\/rocha-3.jpg 1366w\" sizes=\"auto, (max-width: 1015px) 100vw, 1015px\" \/><\/figure>\n<\/figure>\n","protected":false},"excerpt":{"rendered":"<p>El Departamento de Justicia de Estados Unidos present\u00f3 cargos contra el gobernador de Sinaloa, Rub\u00e9n Rocha Moya, el alcalde de<\/p>\n","protected":false},"author":2,"featured_media":26632,"comment_status":"closed","ping_status":"","sticky":false,"template":"","format":"standard","meta":{"colormag_page_container_layout":"default_layout","colormag_page_sidebar_layout":"default_layout","footnotes":""},"categories":[3],"tags":[7919,7922,1434,7923,450,19,22,7920,82,7921,162,594,29,791,7918,2722],"class_list":["post-26631","post","type-post","status-publish","format-standard","has-post-thumbnail","hentry","category-internacional","tag-cargos","tag-cartel-de-sinaloa","tag-corrupcion","tag-corrupcion-tags-estados-unidos","tag-crimen-organizado","tag-estados-unidos","tag-investigacion","tag-juan-de-dios-gamez","tag-justicia","tag-los-chapitos","tag-mexico","tag-narcotrafico","tag-noticias-internacionales","tag-politica","tag-ruben-rocha-moya","tag-sinaloa"],"_links":{"self":[{"href":"https:\/\/elmetidosv.com\/index.php?rest_route=\/wp\/v2\/posts\/26631","targetHints":{"allow":["GET"]}}],"collection":[{"href":"https:\/\/elmetidosv.com\/index.php?rest_route=\/wp\/v2\/posts"}],"about":[{"href":"https:\/\/elmetidosv.com\/index.php?rest_route=\/wp\/v2\/types\/post"}],"author":[{"embeddable":true,"href":"https:\/\/elmetidosv.com\/index.php?rest_route=\/wp\/v2\/users\/2"}],"replies":[{"embeddable":true,"href":"https:\/\/elmetidosv.com\/index.php?rest_route=%2Fwp%2Fv2%2Fcomments&post=26631"}],"version-history":[{"count":1,"href":"https:\/\/elmetidosv.com\/index.php?rest_route=\/wp\/v2\/posts\/26631\/revisions"}],"predecessor-version":[{"id":26635,"href":"https:\/\/elmetidosv.com\/index.php?rest_route=\/wp\/v2\/posts\/26631\/revisions\/26635"}],"wp:featuredmedia":[{"embeddable":true,"href":"https:\/\/elmetidosv.com\/index.php?rest_route=\/wp\/v2\/media\/26632"}],"wp:attachment":[{"href":"https:\/\/elmetidosv.com\/index.php?rest_route=%2Fwp%2Fv2%2Fmedia&parent=26631"}],"wp:term":[{"taxonomy":"category","embeddable":true,"href":"https:\/\/elmetidosv.com\/index.php?rest_route=%2Fwp%2Fv2%2Fcategories&post=26631"},{"taxonomy":"post_tag","embeddable":true,"href":"https:\/\/elmetidosv.com\/index.php?rest_route=%2Fwp%2Fv2%2Ftags&post=26631"}],"curies":[{"name":"wp","href":"https:\/\/api.w.org\/{rel}","templated":true}]}}