{"id":26628,"date":"2026-04-30T12:28:03","date_gmt":"2026-04-30T18:28:03","guid":{"rendered":"https:\/\/elmetidosv.com\/?p=26628"},"modified":"2026-04-30T12:28:03","modified_gmt":"2026-04-30T18:28:03","slug":"prision-preventiva-sin-fianza-para-acusado-de-intentar-asesinar-a-trump","status":"publish","type":"post","link":"https:\/\/elmetidosv.com\/?p=26628","title":{"rendered":"PRISI\u00d3N PREVENTIVA SIN FIANZA PARA ACUSADO DE INTENTAR ASESINAR A TRUMP"},"content":{"rendered":"\n<p>Una jueza del Distrito de Columbia orden\u00f3 prisi\u00f3n preventiva sin derecho a fianza para Cole Allen, se\u00f1alado de intentar asesinar al presidente Donald Trump durante la Cena de Corresponsales de la Casa Blanca.<\/p>\n\n\n\n<p>De acuerdo con la fiscal\u00eda, el sospechoso acept\u00f3 la medida durante una audiencia breve, por lo que permanecer\u00e1 detenido mientras avanza el proceso judicial. Enfrenta cargos graves, entre ellos intento de asesinato del presidente, lo que podr\u00eda derivar en cadena perpetua.<\/p>\n\n\n\n<p>Seg\u00fan las autoridades, Allen habr\u00eda planificado el ataque durante varias semanas y logr\u00f3 ingresar armado al evento en Washington D. C., donde realiz\u00f3 disparos antes de ser reducido por agentes del Servicio Secreto de los Estados Unidos.<\/p>\n\n\n\n<p>El incidente no dej\u00f3 v\u00edctimas, pero gener\u00f3 momentos de p\u00e1nico y oblig\u00f3 a evacuar a funcionarios e invitados.<\/p>\n\n\n\n<p>La fiscal\u00eda indic\u00f3 que podr\u00edan sumarse nuevos cargos conforme avancen las investigaciones.<\/p>\n","protected":false},"excerpt":{"rendered":"<p>Una jueza del Distrito de Columbia orden\u00f3 prisi\u00f3n preventiva sin derecho a fianza para Cole Allen, se\u00f1alado de intentar asesinar<\/p>\n","protected":false},"author":2,"featured_media":26629,"comment_status":"closed","ping_status":"","sticky":false,"template":"","format":"standard","meta":{"colormag_page_container_layout":"default_layout","colormag_page_sidebar_layout":"default_layout","footnotes":""},"categories":[3],"tags":[7541,3612,7915,47,19,7913,22,82,29,791,7916,93,7914,3619,7917],"class_list":["post-26628","post","type-post","status-publish","format-standard","has-post-thumbnail","hentry","category-internacional","tag-audiencia","tag-casa-blanca","tag-cole-allen","tag-donald-trump","tag-estados-unidos","tag-intento-de-asesinato","tag-investigacion","tag-justicia","tag-noticias-internacionales","tag-politica","tag-prision-preventiva","tag-seguridad","tag-seguridad-tags-estados-unidos","tag-servicio-secreto","tag-washington-d-c"],"_links":{"self":[{"href":"https:\/\/elmetidosv.com\/index.php?rest_route=\/wp\/v2\/posts\/26628","targetHints":{"allow":["GET"]}}],"collection":[{"href":"https:\/\/elmetidosv.com\/index.php?rest_route=\/wp\/v2\/posts"}],"about":[{"href":"https:\/\/elmetidosv.com\/index.php?rest_route=\/wp\/v2\/types\/post"}],"author":[{"embeddable":true,"href":"https:\/\/elmetidosv.com\/index.php?rest_route=\/wp\/v2\/users\/2"}],"replies":[{"embeddable":true,"href":"https:\/\/elmetidosv.com\/index.php?rest_route=%2Fwp%2Fv2%2Fcomments&post=26628"}],"version-history":[{"count":1,"href":"https:\/\/elmetidosv.com\/index.php?rest_route=\/wp\/v2\/posts\/26628\/revisions"}],"predecessor-version":[{"id":26630,"href":"https:\/\/elmetidosv.com\/index.php?rest_route=\/wp\/v2\/posts\/26628\/revisions\/26630"}],"wp:featuredmedia":[{"embeddable":true,"href":"https:\/\/elmetidosv.com\/index.php?rest_route=\/wp\/v2\/media\/26629"}],"wp:attachment":[{"href":"https:\/\/elmetidosv.com\/index.php?rest_route=%2Fwp%2Fv2%2Fmedia&parent=26628"}],"wp:term":[{"taxonomy":"category","embeddable":true,"href":"https:\/\/elmetidosv.com\/index.php?rest_route=%2Fwp%2Fv2%2Fcategories&post=26628"},{"taxonomy":"post_tag","embeddable":true,"href":"https:\/\/elmetidosv.com\/index.php?rest_route=%2Fwp%2Fv2%2Ftags&post=26628"}],"curies":[{"name":"wp","href":"https:\/\/api.w.org\/{rel}","templated":true}]}}