{"id":26624,"date":"2026-04-30T12:18:43","date_gmt":"2026-04-30T18:18:43","guid":{"rendered":"https:\/\/elmetidosv.com\/?p=26624"},"modified":"2026-04-30T12:18:43","modified_gmt":"2026-04-30T18:18:43","slug":"el-salvador-condecora-a-nuncio-apostolico-con-orden-jose-matias-delgado","status":"publish","type":"post","link":"https:\/\/elmetidosv.com\/?p=26624","title":{"rendered":"EL SALVADOR CONDECORA A NUNCIO APOST\u00d3LICO CON ORDEN JOS\u00c9 MAT\u00cdAS DELGADO"},"content":{"rendered":"\n<figure class=\"wp-block-gallery has-nested-images columns-default is-cropped wp-block-gallery-1 is-layout-flex wp-block-gallery-is-layout-flex\">\n<figure class=\"wp-block-image size-large\"><img loading=\"lazy\" decoding=\"async\" width=\"888\" height=\"616\" data-id=\"26626\" src=\"https:\/\/elmetidosv.com\/wp-content\/uploads\/2026\/04\/conde-2.jpg\" alt=\"\" class=\"wp-image-26626\" srcset=\"https:\/\/elmetidosv.com\/wp-content\/uploads\/2026\/04\/conde-2.jpg 888w, https:\/\/elmetidosv.com\/wp-content\/uploads\/2026\/04\/conde-2-300x208.jpg 300w, https:\/\/elmetidosv.com\/wp-content\/uploads\/2026\/04\/conde-2-768x533.jpg 768w, https:\/\/elmetidosv.com\/wp-content\/uploads\/2026\/04\/conde-2-392x272.jpg 392w, https:\/\/elmetidosv.com\/wp-content\/uploads\/2026\/04\/conde-2-130x90.jpg 130w\" sizes=\"auto, (max-width: 888px) 100vw, 888px\" \/><\/figure>\n<\/figure>\n\n\n\n<p>La canciller de la Rep\u00fablica, Alexandra Hill Tinoco, inform\u00f3 sobre la condecoraci\u00f3n otorgada al nuncio apost\u00f3lico, monse\u00f1or Luigi Roberto Cona, con la Orden Nacional Jos\u00e9 Mat\u00edas Delgado en el grado de Gran Cruz Placa de Plata.<\/p>\n\n\n\n<p>Durante su gesti\u00f3n en El Salvador, iniciada en febrero de 2023, se destac\u00f3 el fortalecimiento de los v\u00ednculos diplom\u00e1ticos con la Santa Sede, basados en el di\u00e1logo, la cooperaci\u00f3n y el respeto mutuo.<\/p>\n\n\n\n<p>La funcionaria subray\u00f3 que la labor diplom\u00e1tica y pastoral del nuncio contribuy\u00f3 a consolidar las relaciones bilaterales, en el marco de m\u00e1s de un siglo de historia compartida entre ambas naciones.<\/p>\n\n\n\n<figure class=\"wp-block-gallery has-nested-images columns-default is-cropped wp-block-gallery-2 is-layout-flex wp-block-gallery-is-layout-flex\">\n<figure class=\"wp-block-image size-large\"><img loading=\"lazy\" decoding=\"async\" width=\"1024\" height=\"1024\" data-id=\"23574\" src=\"https:\/\/elmetidosv.com\/wp-content\/uploads\/2026\/02\/santeins-2-bueno.jpeg\" alt=\"\" class=\"wp-image-23574\" srcset=\"https:\/\/elmetidosv.com\/wp-content\/uploads\/2026\/02\/santeins-2-bueno.jpeg 1024w, https:\/\/elmetidosv.com\/wp-content\/uploads\/2026\/02\/santeins-2-bueno-300x300.jpeg 300w, https:\/\/elmetidosv.com\/wp-content\/uploads\/2026\/02\/santeins-2-bueno-150x150.jpeg 150w, https:\/\/elmetidosv.com\/wp-content\/uploads\/2026\/02\/santeins-2-bueno-768x768.jpeg 768w\" sizes=\"auto, (max-width: 1024px) 100vw, 1024px\" \/><\/figure>\n<\/figure>\n","protected":false},"excerpt":{"rendered":"<p>La canciller de la Rep\u00fablica, Alexandra Hill Tinoco, inform\u00f3 sobre la condecoraci\u00f3n otorgada al nuncio apost\u00f3lico, monse\u00f1or Luigi Roberto Cona,<\/p>\n","protected":false},"author":2,"featured_media":26625,"comment_status":"closed","ping_status":"","sticky":false,"template":"","format":"standard","meta":{"colormag_page_container_layout":"default_layout","colormag_page_sidebar_layout":"default_layout","footnotes":""},"categories":[1],"tags":[7903,7911,7906,7905,6172,228,7907,31,331,7902,7908,1092,7904,7909,7910,237,7912,503,7741,7252],"class_list":["post-26624","post","type-post","status-publish","format-standard","has-post-thumbnail","hentry","category-nacional","tag-alexandra-hill","tag-alexandra-hill-tinoco","tag-canciller","tag-condecoracion","tag-cooperacion","tag-diplomacia","tag-diplomacia-tags-el-salvador","tag-el-salvador","tag-gobierno","tag-luigi-cona","tag-luigi-roberto-cona","tag-noticias","tag-nuncio","tag-orden-jose-matias-delgado","tag-orden-nacional-jose-matias-delgado","tag-politica-exterior","tag-reconocimiento","tag-relaciones-bilaterales","tag-santa-sede","tag-vaticano"],"_links":{"self":[{"href":"https:\/\/elmetidosv.com\/index.php?rest_route=\/wp\/v2\/posts\/26624","targetHints":{"allow":["GET"]}}],"collection":[{"href":"https:\/\/elmetidosv.com\/index.php?rest_route=\/wp\/v2\/posts"}],"about":[{"href":"https:\/\/elmetidosv.com\/index.php?rest_route=\/wp\/v2\/types\/post"}],"author":[{"embeddable":true,"href":"https:\/\/elmetidosv.com\/index.php?rest_route=\/wp\/v2\/users\/2"}],"replies":[{"embeddable":true,"href":"https:\/\/elmetidosv.com\/index.php?rest_route=%2Fwp%2Fv2%2Fcomments&post=26624"}],"version-history":[{"count":1,"href":"https:\/\/elmetidosv.com\/index.php?rest_route=\/wp\/v2\/posts\/26624\/revisions"}],"predecessor-version":[{"id":26627,"href":"https:\/\/elmetidosv.com\/index.php?rest_route=\/wp\/v2\/posts\/26624\/revisions\/26627"}],"wp:featuredmedia":[{"embeddable":true,"href":"https:\/\/elmetidosv.com\/index.php?rest_route=\/wp\/v2\/media\/26625"}],"wp:attachment":[{"href":"https:\/\/elmetidosv.com\/index.php?rest_route=%2Fwp%2Fv2%2Fmedia&parent=26624"}],"wp:term":[{"taxonomy":"category","embeddable":true,"href":"https:\/\/elmetidosv.com\/index.php?rest_route=%2Fwp%2Fv2%2Fcategories&post=26624"},{"taxonomy":"post_tag","embeddable":true,"href":"https:\/\/elmetidosv.com\/index.php?rest_route=%2Fwp%2Fv2%2Ftags&post=26624"}],"curies":[{"name":"wp","href":"https:\/\/api.w.org\/{rel}","templated":true}]}}