{"id":26619,"date":"2026-04-30T09:49:25","date_gmt":"2026-04-30T15:49:25","guid":{"rendered":"https:\/\/elmetidosv.com\/?p=26619"},"modified":"2026-04-30T09:49:25","modified_gmt":"2026-04-30T15:49:25","slug":"localizan-a-adulto-mayor-extraviado-en-salcoatitan-tras-ataque-de-abejas","status":"publish","type":"post","link":"https:\/\/elmetidosv.com\/?p=26619","title":{"rendered":"LOCALIZAN A ADULTO MAYOR EXTRAVIADO EN SALCOATIT\u00c1N TRAS ATAQUE DE ABEJAS"},"content":{"rendered":"\n<figure class=\"wp-block-gallery has-nested-images columns-default is-cropped wp-block-gallery-1 is-layout-flex wp-block-gallery-is-layout-flex\">\n<figure class=\"wp-block-image size-large\"><img loading=\"lazy\" decoding=\"async\" width=\"1024\" height=\"768\" data-id=\"26621\" src=\"https:\/\/elmetidosv.com\/wp-content\/uploads\/2026\/04\/2-20-1024x768.jpg\" alt=\"\" class=\"wp-image-26621\" srcset=\"https:\/\/elmetidosv.com\/wp-content\/uploads\/2026\/04\/2-20-1024x768.jpg 1024w, https:\/\/elmetidosv.com\/wp-content\/uploads\/2026\/04\/2-20-300x225.jpg 300w, https:\/\/elmetidosv.com\/wp-content\/uploads\/2026\/04\/2-20-768x576.jpg 768w, https:\/\/elmetidosv.com\/wp-content\/uploads\/2026\/04\/2-20-1536x1152.jpg 1536w, https:\/\/elmetidosv.com\/wp-content\/uploads\/2026\/04\/2-20.jpg 2048w\" sizes=\"auto, (max-width: 1024px) 100vw, 1024px\" \/><\/figure>\n<\/figure>\n\n\n\n<p>Un hombre de 78 a\u00f1os, que hab\u00eda sido reportado como extraviado en Salcoatit\u00e1n, fue localizado con vida gracias a la r\u00e1pida intervenci\u00f3n de equipos de emergencia y el apoyo de la comunidad.<\/p>\n\n\n\n<p>De acuerdo con el informe, el adulto mayor realizaba labores agr\u00edcolas en la parcelaci\u00f3n de la finca Santa Elena, en el cant\u00f3n El Puente, cuando fue atacado por abejas. Ante la situaci\u00f3n, \u00e9l y otros trabajadores corrieron para ponerse a salvo, lo que provoc\u00f3 que se desorientara y quedara desaparecido en la zona.<\/p>\n\n\n\n<figure class=\"wp-block-gallery has-nested-images columns-default is-cropped wp-block-gallery-2 is-layout-flex wp-block-gallery-is-layout-flex\">\n<figure class=\"wp-block-image size-large\"><img loading=\"lazy\" decoding=\"async\" width=\"768\" height=\"1024\" data-id=\"26622\" src=\"https:\/\/elmetidosv.com\/wp-content\/uploads\/2026\/04\/3-8-768x1024.jpg\" alt=\"\" class=\"wp-image-26622\" srcset=\"https:\/\/elmetidosv.com\/wp-content\/uploads\/2026\/04\/3-8-768x1024.jpg 768w, https:\/\/elmetidosv.com\/wp-content\/uploads\/2026\/04\/3-8-225x300.jpg 225w, https:\/\/elmetidosv.com\/wp-content\/uploads\/2026\/04\/3-8-1152x1536.jpg 1152w, https:\/\/elmetidosv.com\/wp-content\/uploads\/2026\/04\/3-8.jpg 1536w\" sizes=\"auto, (max-width: 768px) 100vw, 768px\" \/><\/figure>\n<\/figure>\n\n\n\n<p>Equipos de la Comisi\u00f3n Municipal de Protecci\u00f3n Civil, junto a voluntarios y pobladores, activaron un operativo de b\u00fasqueda en fincas aleda\u00f1as, logrando ubicarlo alrededor de las 9:00 de la noche.<\/p>\n\n\n\n<p>Tras ser encontrado, el hombre presentaba un estado de salud estable, aunque fue trasladado a un centro hospitalario para una evaluaci\u00f3n m\u00e9dica.<\/p>\n\n\n\n<p>Las autoridades destacaron la coordinaci\u00f3n comunitaria que permiti\u00f3 una respuesta oportuna en este caso.<\/p>\n\n\n\n<figure class=\"wp-block-gallery has-nested-images columns-default is-cropped wp-block-gallery-3 is-layout-flex wp-block-gallery-is-layout-flex\">\n<figure class=\"wp-block-image size-large\"><img loading=\"lazy\" decoding=\"async\" width=\"600\" height=\"480\" data-id=\"26048\" src=\"https:\/\/elmetidosv.com\/wp-content\/uploads\/2026\/04\/car-wash-1-2.jpg\" alt=\"\" class=\"wp-image-26048\" srcset=\"https:\/\/elmetidosv.com\/wp-content\/uploads\/2026\/04\/car-wash-1-2.jpg 600w, https:\/\/elmetidosv.com\/wp-content\/uploads\/2026\/04\/car-wash-1-2-300x240.jpg 300w\" sizes=\"auto, (max-width: 600px) 100vw, 600px\" \/><\/figure>\n<\/figure>\n\n\n\n<p><\/p>\n","protected":false},"excerpt":{"rendered":"<p>Un hombre de 78 a\u00f1os, que hab\u00eda sido reportado como extraviado en Salcoatit\u00e1n, fue localizado con vida gracias a la<\/p>\n","protected":false},"author":2,"featured_media":26620,"comment_status":"closed","ping_status":"","sticky":false,"template":"","format":"standard","meta":{"colormag_page_container_layout":"default_layout","colormag_page_sidebar_layout":"default_layout","footnotes":""},"categories":[1],"tags":[2104,385,770,259,330,7900,1092,66,382,7899,887,219,7034,5930,7901],"class_list":["post-26619","post","type-post","status-publish","format-standard","has-post-thumbnail","hentry","category-nacional","tag-abejas","tag-adulto-mayor","tag-busqueda","tag-comunidad","tag-emergencia","tag-extraviado","tag-noticias","tag-proteccion-civil","tag-rescate","tag-salcoatitan","tag-salud","tag-sonsonate","tag-sonsonate-tags-el-salvador","tag-traslado","tag-voluntarios"],"_links":{"self":[{"href":"https:\/\/elmetidosv.com\/index.php?rest_route=\/wp\/v2\/posts\/26619","targetHints":{"allow":["GET"]}}],"collection":[{"href":"https:\/\/elmetidosv.com\/index.php?rest_route=\/wp\/v2\/posts"}],"about":[{"href":"https:\/\/elmetidosv.com\/index.php?rest_route=\/wp\/v2\/types\/post"}],"author":[{"embeddable":true,"href":"https:\/\/elmetidosv.com\/index.php?rest_route=\/wp\/v2\/users\/2"}],"replies":[{"embeddable":true,"href":"https:\/\/elmetidosv.com\/index.php?rest_route=%2Fwp%2Fv2%2Fcomments&post=26619"}],"version-history":[{"count":1,"href":"https:\/\/elmetidosv.com\/index.php?rest_route=\/wp\/v2\/posts\/26619\/revisions"}],"predecessor-version":[{"id":26623,"href":"https:\/\/elmetidosv.com\/index.php?rest_route=\/wp\/v2\/posts\/26619\/revisions\/26623"}],"wp:featuredmedia":[{"embeddable":true,"href":"https:\/\/elmetidosv.com\/index.php?rest_route=\/wp\/v2\/media\/26620"}],"wp:attachment":[{"href":"https:\/\/elmetidosv.com\/index.php?rest_route=%2Fwp%2Fv2%2Fmedia&parent=26619"}],"wp:term":[{"taxonomy":"category","embeddable":true,"href":"https:\/\/elmetidosv.com\/index.php?rest_route=%2Fwp%2Fv2%2Fcategories&post=26619"},{"taxonomy":"post_tag","embeddable":true,"href":"https:\/\/elmetidosv.com\/index.php?rest_route=%2Fwp%2Fv2%2Ftags&post=26619"}],"curies":[{"name":"wp","href":"https:\/\/api.w.org\/{rel}","templated":true}]}}