{"id":26616,"date":"2026-04-30T09:42:30","date_gmt":"2026-04-30T15:42:30","guid":{"rendered":"https:\/\/elmetidosv.com\/?p=26616"},"modified":"2026-04-30T09:42:30","modified_gmt":"2026-04-30T15:42:30","slug":"autorizan-conciliacion-en-un-caso-de-receptacion-en-santa-ana","status":"publish","type":"post","link":"https:\/\/elmetidosv.com\/?p=26616","title":{"rendered":"AUTORIZAN CONCILIACI\u00d3N EN UN CASO DE RECEPTACI\u00d3N EN SANTA ANA"},"content":{"rendered":"\n<p>El Juzgado Cuarto de Paz de Santa Ana autoriz\u00f3 la conciliaci\u00f3n entre el imputado Efra\u00edn Arturo H. A., de 44 a\u00f1os, y la v\u00edctima Nery M., de 33, en un proceso por el delito de receptaci\u00f3n.<\/p>\n\n\n\n<p>Durante la audiencia inicial, desarrollada bajo procedimiento sumario, ambas partes acordaron resolver el caso mediante un arreglo de car\u00e1cter patrimonial, el cual consisti\u00f3 en la devoluci\u00f3n inmediata de los objetos que el imputado ten\u00eda en su poder.<\/p>\n\n\n\n<p>Seg\u00fan el expediente judicial, los hechos ocurrieron el 11 de abril de 2026 en el caser\u00edo Conchagua, cant\u00f3n Las Piedras, donde la v\u00edctima denunci\u00f3 el corte de las cadenas de seguridad de una bodega de su propiedad. Del lugar fueron sustra\u00eddas herramientas industriales valoradas en $2,273.<\/p>\n\n\n\n<p>D\u00edas despu\u00e9s, la v\u00edctima identific\u00f3 una extensi\u00f3n el\u00e9ctrica de 40 metros en Marketplace de Facebook como parte de los objetos robados. Tras coordinar una supuesta compra en una gasolinera de la ciudad, solicit\u00f3 apoyo de la Polic\u00eda Nacional Civil, cuyos agentes intervinieron al imputado.<\/p>\n\n\n\n<p>Durante la inspecci\u00f3n del veh\u00edculo, las autoridades encontraron la extensi\u00f3n el\u00e9ctrica y otras herramientas sin documentaci\u00f3n que acreditara su origen, lo que deriv\u00f3 en su captura en flagrancia. Posteriormente, en un registro domiciliario realizado en el cant\u00f3n Primavera, se recuper\u00f3 la mayor parte de los bienes reportados como hurtados, incluyendo equipo de soldadura, rotomartillo, pulidora, taladros y una careta para soldar.<\/p>\n\n\n\n<p>El imputado manifest\u00f3 que hab\u00eda adquirido los art\u00edculos en una \u201cchatarrera\u201d, sin poder comprobar su procedencia legal.<\/p>\n\n\n\n<p>Con la conciliaci\u00f3n aprobada por el juzgado, el caso queda resuelto en esta etapa procesal, tras la restituci\u00f3n de los bienes a la v\u00edctima.<\/p>\n\n\n\n<p>PUBLICIDAD <\/p>\n\n\n\n<figure class=\"wp-block-gallery has-nested-images columns-default is-cropped wp-block-gallery-1 is-layout-flex wp-block-gallery-is-layout-flex\">\n<figure class=\"wp-block-image size-large\"><img loading=\"lazy\" decoding=\"async\" width=\"1024\" height=\"1024\" data-id=\"23574\" src=\"https:\/\/elmetidosv.com\/wp-content\/uploads\/2026\/02\/santeins-2-bueno.jpeg\" alt=\"\" class=\"wp-image-23574\" srcset=\"https:\/\/elmetidosv.com\/wp-content\/uploads\/2026\/02\/santeins-2-bueno.jpeg 1024w, https:\/\/elmetidosv.com\/wp-content\/uploads\/2026\/02\/santeins-2-bueno-300x300.jpeg 300w, https:\/\/elmetidosv.com\/wp-content\/uploads\/2026\/02\/santeins-2-bueno-150x150.jpeg 150w, https:\/\/elmetidosv.com\/wp-content\/uploads\/2026\/02\/santeins-2-bueno-768x768.jpeg 768w\" sizes=\"auto, (max-width: 1024px) 100vw, 1024px\" \/><\/figure>\n<\/figure>\n","protected":false},"excerpt":{"rendered":"<p>El Juzgado Cuarto de Paz de Santa Ana autoriz\u00f3 la conciliaci\u00f3n entre el imputado Efra\u00edn Arturo H. A., de 44<\/p>\n","protected":false},"author":2,"featured_media":26617,"comment_status":"closed","ping_status":"","sticky":false,"template":"","format":"standard","meta":{"colormag_page_container_layout":"default_layout","colormag_page_sidebar_layout":"default_layout","footnotes":""},"categories":[1],"tags":[7541,7897,7898,1392,1381,7896,22,82,3418,1092,85,349,3041,7894,33],"class_list":["post-26616","post","type-post","status-publish","format-standard","has-post-thumbnail","hentry","category-nacional","tag-audiencia","tag-audiencia-inicial-tags-el-salvador","tag-bienes","tag-conciliacion","tag-delito","tag-herramientas","tag-investigacion","tag-justicia","tag-juzgado","tag-noticias","tag-pnc","tag-proceso-judicial","tag-receptacion","tag-recuperacion","tag-santa-ana"],"_links":{"self":[{"href":"https:\/\/elmetidosv.com\/index.php?rest_route=\/wp\/v2\/posts\/26616","targetHints":{"allow":["GET"]}}],"collection":[{"href":"https:\/\/elmetidosv.com\/index.php?rest_route=\/wp\/v2\/posts"}],"about":[{"href":"https:\/\/elmetidosv.com\/index.php?rest_route=\/wp\/v2\/types\/post"}],"author":[{"embeddable":true,"href":"https:\/\/elmetidosv.com\/index.php?rest_route=\/wp\/v2\/users\/2"}],"replies":[{"embeddable":true,"href":"https:\/\/elmetidosv.com\/index.php?rest_route=%2Fwp%2Fv2%2Fcomments&post=26616"}],"version-history":[{"count":1,"href":"https:\/\/elmetidosv.com\/index.php?rest_route=\/wp\/v2\/posts\/26616\/revisions"}],"predecessor-version":[{"id":26618,"href":"https:\/\/elmetidosv.com\/index.php?rest_route=\/wp\/v2\/posts\/26616\/revisions\/26618"}],"wp:featuredmedia":[{"embeddable":true,"href":"https:\/\/elmetidosv.com\/index.php?rest_route=\/wp\/v2\/media\/26617"}],"wp:attachment":[{"href":"https:\/\/elmetidosv.com\/index.php?rest_route=%2Fwp%2Fv2%2Fmedia&parent=26616"}],"wp:term":[{"taxonomy":"category","embeddable":true,"href":"https:\/\/elmetidosv.com\/index.php?rest_route=%2Fwp%2Fv2%2Fcategories&post=26616"},{"taxonomy":"post_tag","embeddable":true,"href":"https:\/\/elmetidosv.com\/index.php?rest_route=%2Fwp%2Fv2%2Ftags&post=26616"}],"curies":[{"name":"wp","href":"https:\/\/api.w.org\/{rel}","templated":true}]}}