{"id":26610,"date":"2026-04-30T09:27:08","date_gmt":"2026-04-30T15:27:08","guid":{"rendered":"https:\/\/elmetidosv.com\/?p=26610"},"modified":"2026-04-30T09:27:08","modified_gmt":"2026-04-30T15:27:08","slug":"guatemala-entrego-a-la-pnc-a-un-salvadoreno-requerido-por-extorsion-agravada","status":"publish","type":"post","link":"https:\/\/elmetidosv.com\/?p=26610","title":{"rendered":"GUATEMALA ENTREG\u00d3 A LA PNC A UN SALVADORE\u00d1O REQUERIDO POR EXTORSI\u00d3N AGRAVADA"},"content":{"rendered":"\n<figure class=\"wp-block-gallery has-nested-images columns-default is-cropped wp-block-gallery-1 is-layout-flex wp-block-gallery-is-layout-flex\">\n<figure class=\"wp-block-image size-large\"><img loading=\"lazy\" decoding=\"async\" width=\"1024\" height=\"1000\" data-id=\"26612\" src=\"https:\/\/elmetidosv.com\/wp-content\/uploads\/2026\/04\/guatemala-1-1024x1000.jpg\" alt=\"\" class=\"wp-image-26612\" srcset=\"https:\/\/elmetidosv.com\/wp-content\/uploads\/2026\/04\/guatemala-1-1024x1000.jpg 1024w, https:\/\/elmetidosv.com\/wp-content\/uploads\/2026\/04\/guatemala-1-300x293.jpg 300w, https:\/\/elmetidosv.com\/wp-content\/uploads\/2026\/04\/guatemala-1-768x750.jpg 768w, https:\/\/elmetidosv.com\/wp-content\/uploads\/2026\/04\/guatemala-1.jpg 1229w\" sizes=\"auto, (max-width: 1024px) 100vw, 1024px\" \/><\/figure>\n<\/figure>\n\n\n\n<p>La Polic\u00eda de Guatemala entreg\u00f3 a las autoridades de El Salvador al salvadore\u00f1o Juan Rivas, de 34 a\u00f1os, quien es requerido por la justicia por el delito de extorsi\u00f3n agravada.<\/p>\n\n\n\n<p>De acuerdo con el informe oficial, Rivas \u2014originario de Sensuntepeque\u2014 fue localizado en territorio guatemalteco y posteriormente trasladado bajo custodia para enfrentar el proceso judicial correspondiente en su pa\u00eds.<\/p>\n\n\n\n<p>Las autoridades destacaron que esta acci\u00f3n forma parte de la cooperaci\u00f3n bilateral en el combate a la criminalidad, especialmente en delitos que afectan directamente a la poblaci\u00f3n, como la extorsi\u00f3n.<\/p>\n\n\n\n<p>El detenido ser\u00e1 puesto a disposici\u00f3n de los tribunales competentes en las pr\u00f3ximas horas para continuar con el debido proceso.<\/p>\n\n\n\n<figure class=\"wp-block-gallery has-nested-images columns-default is-cropped wp-block-gallery-2 is-layout-flex wp-block-gallery-is-layout-flex\">\n<figure class=\"wp-block-image size-large\"><img loading=\"lazy\" decoding=\"async\" width=\"600\" height=\"480\" data-id=\"26048\" src=\"https:\/\/elmetidosv.com\/wp-content\/uploads\/2026\/04\/car-wash-1-2.jpg\" alt=\"\" class=\"wp-image-26048\" srcset=\"https:\/\/elmetidosv.com\/wp-content\/uploads\/2026\/04\/car-wash-1-2.jpg 600w, https:\/\/elmetidosv.com\/wp-content\/uploads\/2026\/04\/car-wash-1-2-300x240.jpg 300w\" sizes=\"auto, (max-width: 600px) 100vw, 600px\" \/><\/figure>\n<\/figure>\n","protected":false},"excerpt":{"rendered":"<p>La Polic\u00eda de Guatemala entreg\u00f3 a las autoridades de El Salvador al salvadore\u00f1o Juan Rivas, de 34 a\u00f1os, quien es<\/p>\n","protected":false},"author":2,"featured_media":26611,"comment_status":"closed","ping_status":"","sticky":false,"template":"","format":"standard","meta":{"colormag_page_container_layout":"default_layout","colormag_page_sidebar_layout":"default_layout","footnotes":""},"categories":[1],"tags":[96,168,6172,7895,1627,31,3530,1674,167,2680,82,1092,349,93,1686],"class_list":["post-26610","post","type-post","status-publish","format-standard","has-post-thumbnail","hentry","category-nacional","tag-autoridades","tag-captura","tag-cooperacion","tag-cooperacion-tags-el-salvador","tag-detenido","tag-el-salvador","tag-extorsion-agravada","tag-extradicion","tag-guatemala","tag-internacional","tag-justicia","tag-noticias","tag-proceso-judicial","tag-seguridad","tag-sensuntepeque"],"_links":{"self":[{"href":"https:\/\/elmetidosv.com\/index.php?rest_route=\/wp\/v2\/posts\/26610","targetHints":{"allow":["GET"]}}],"collection":[{"href":"https:\/\/elmetidosv.com\/index.php?rest_route=\/wp\/v2\/posts"}],"about":[{"href":"https:\/\/elmetidosv.com\/index.php?rest_route=\/wp\/v2\/types\/post"}],"author":[{"embeddable":true,"href":"https:\/\/elmetidosv.com\/index.php?rest_route=\/wp\/v2\/users\/2"}],"replies":[{"embeddable":true,"href":"https:\/\/elmetidosv.com\/index.php?rest_route=%2Fwp%2Fv2%2Fcomments&post=26610"}],"version-history":[{"count":1,"href":"https:\/\/elmetidosv.com\/index.php?rest_route=\/wp\/v2\/posts\/26610\/revisions"}],"predecessor-version":[{"id":26613,"href":"https:\/\/elmetidosv.com\/index.php?rest_route=\/wp\/v2\/posts\/26610\/revisions\/26613"}],"wp:featuredmedia":[{"embeddable":true,"href":"https:\/\/elmetidosv.com\/index.php?rest_route=\/wp\/v2\/media\/26611"}],"wp:attachment":[{"href":"https:\/\/elmetidosv.com\/index.php?rest_route=%2Fwp%2Fv2%2Fmedia&parent=26610"}],"wp:term":[{"taxonomy":"category","embeddable":true,"href":"https:\/\/elmetidosv.com\/index.php?rest_route=%2Fwp%2Fv2%2Fcategories&post=26610"},{"taxonomy":"post_tag","embeddable":true,"href":"https:\/\/elmetidosv.com\/index.php?rest_route=%2Fwp%2Fv2%2Ftags&post=26610"}],"curies":[{"name":"wp","href":"https:\/\/api.w.org\/{rel}","templated":true}]}}