{"id":26606,"date":"2026-04-30T09:14:00","date_gmt":"2026-04-30T15:14:00","guid":{"rendered":"https:\/\/elmetidosv.com\/?p=26606"},"modified":"2026-04-30T09:36:19","modified_gmt":"2026-04-30T15:36:19","slug":"cocolito-permanece-hospitalizado-tras-cirugia-ocular","status":"publish","type":"post","link":"https:\/\/elmetidosv.com\/?p=26606","title":{"rendered":"\u201cCOCOLITO\u201d PERMANECE HOSPITALIZADO TRAS CIRUG\u00cdA OCULAR"},"content":{"rendered":"\n<figure class=\"wp-block-gallery has-nested-images columns-default is-cropped wp-block-gallery-1 is-layout-flex wp-block-gallery-is-layout-flex\">\n<figure class=\"wp-block-image size-large\"><img loading=\"lazy\" decoding=\"async\" width=\"683\" height=\"1024\" data-id=\"26614\" src=\"https:\/\/elmetidosv.com\/wp-content\/uploads\/2026\/04\/coco-3-683x1024.jpg\" alt=\"\" class=\"wp-image-26614\" srcset=\"https:\/\/elmetidosv.com\/wp-content\/uploads\/2026\/04\/coco-3-683x1024.jpg 683w, https:\/\/elmetidosv.com\/wp-content\/uploads\/2026\/04\/coco-3-200x300.jpg 200w, https:\/\/elmetidosv.com\/wp-content\/uploads\/2026\/04\/coco-3-768x1152.jpg 768w, https:\/\/elmetidosv.com\/wp-content\/uploads\/2026\/04\/coco-3.jpg 1024w\" sizes=\"auto, (max-width: 683px) 100vw, 683px\" \/><\/figure>\n<\/figure>\n\n\n\n<p>El payaso conocido como Cocolito se encuentra hospitalizado luego de someterse a una cirug\u00eda en uno de sus ojos, seg\u00fan informaron sus familiares en las \u00faltimas horas.<\/p>\n\n\n\n<p>De acuerdo con sus seres queridos, el artista atraviesa un estado de salud delicado y permanece bajo observaci\u00f3n m\u00e9dica mientras recibe la atenci\u00f3n necesaria.<\/p>\n\n\n\n<p>A trav\u00e9s de un comunicado, la familia solicit\u00f3 a la poblaci\u00f3n mantenerlo en sus oraciones y evitar la difusi\u00f3n de informaci\u00f3n no verificada, asegurando que ser\u00e1n ellos quienes informen oportunamente sobre su evoluci\u00f3n.<\/p>\n\n\n\n<p>Debido a su condici\u00f3n, \u201cCocolito\u201d ha suspendido temporalmente sus presentaciones en circos y eventos privados.<\/p>\n\n\n\n<figure class=\"wp-block-gallery has-nested-images columns-default is-cropped wp-block-gallery-2 is-layout-flex wp-block-gallery-is-layout-flex\">\n<figure class=\"wp-block-image size-large\"><img loading=\"lazy\" decoding=\"async\" width=\"1024\" height=\"1024\" data-id=\"23574\" src=\"https:\/\/elmetidosv.com\/wp-content\/uploads\/2026\/02\/santeins-2-bueno.jpeg\" alt=\"\" class=\"wp-image-23574\" srcset=\"https:\/\/elmetidosv.com\/wp-content\/uploads\/2026\/02\/santeins-2-bueno.jpeg 1024w, https:\/\/elmetidosv.com\/wp-content\/uploads\/2026\/02\/santeins-2-bueno-300x300.jpeg 300w, https:\/\/elmetidosv.com\/wp-content\/uploads\/2026\/02\/santeins-2-bueno-150x150.jpeg 150w, https:\/\/elmetidosv.com\/wp-content\/uploads\/2026\/02\/santeins-2-bueno-768x768.jpeg 768w\" sizes=\"auto, (max-width: 1024px) 100vw, 1024px\" \/><\/figure>\n<\/figure>\n","protected":false},"excerpt":{"rendered":"<p>El payaso conocido como Cocolito se encuentra hospitalizado luego de someterse a una cirug\u00eda en uno de sus ojos, seg\u00fan<\/p>\n","protected":false},"author":2,"featured_media":26607,"comment_status":"closed","ping_status":"closed","sticky":false,"template":"","format":"standard","meta":{"colormag_page_container_layout":"default_layout","colormag_page_sidebar_layout":"default_layout","footnotes":""},"categories":[1],"tags":[7890,7893,7886,7884,7889,7892,31,7887,7888,7575,5814,7883,1092,7885,7891,7894,887],"class_list":["post-26606","post","type-post","status-publish","format-standard","has-post-thumbnail","hentry","category-nacional","tag-artista","tag-circo","tag-cirugia","tag-cirugia-ocular","tag-cocolito","tag-comunicado","tag-el-salvador","tag-estado-delicado","tag-estado-delicado-tags-el-salvador","tag-eventos","tag-familia","tag-hospitalizado","tag-noticias","tag-payaso","tag-presentaciones","tag-recuperacion","tag-salud"],"_links":{"self":[{"href":"https:\/\/elmetidosv.com\/index.php?rest_route=\/wp\/v2\/posts\/26606","targetHints":{"allow":["GET"]}}],"collection":[{"href":"https:\/\/elmetidosv.com\/index.php?rest_route=\/wp\/v2\/posts"}],"about":[{"href":"https:\/\/elmetidosv.com\/index.php?rest_route=\/wp\/v2\/types\/post"}],"author":[{"embeddable":true,"href":"https:\/\/elmetidosv.com\/index.php?rest_route=\/wp\/v2\/users\/2"}],"replies":[{"embeddable":true,"href":"https:\/\/elmetidosv.com\/index.php?rest_route=%2Fwp%2Fv2%2Fcomments&post=26606"}],"version-history":[{"count":2,"href":"https:\/\/elmetidosv.com\/index.php?rest_route=\/wp\/v2\/posts\/26606\/revisions"}],"predecessor-version":[{"id":26615,"href":"https:\/\/elmetidosv.com\/index.php?rest_route=\/wp\/v2\/posts\/26606\/revisions\/26615"}],"wp:featuredmedia":[{"embeddable":true,"href":"https:\/\/elmetidosv.com\/index.php?rest_route=\/wp\/v2\/media\/26607"}],"wp:attachment":[{"href":"https:\/\/elmetidosv.com\/index.php?rest_route=%2Fwp%2Fv2%2Fmedia&parent=26606"}],"wp:term":[{"taxonomy":"category","embeddable":true,"href":"https:\/\/elmetidosv.com\/index.php?rest_route=%2Fwp%2Fv2%2Fcategories&post=26606"},{"taxonomy":"post_tag","embeddable":true,"href":"https:\/\/elmetidosv.com\/index.php?rest_route=%2Fwp%2Fv2%2Ftags&post=26606"}],"curies":[{"name":"wp","href":"https:\/\/api.w.org\/{rel}","templated":true}]}}