{"id":26601,"date":"2026-04-30T08:52:04","date_gmt":"2026-04-30T14:52:04","guid":{"rendered":"https:\/\/elmetidosv.com\/?p=26601"},"modified":"2026-04-30T08:52:04","modified_gmt":"2026-04-30T14:52:04","slug":"desarticularon-una-red-de-estafadores-que-ofrecia-alquileres-falsos-en-san-salvador","status":"publish","type":"post","link":"https:\/\/elmetidosv.com\/?p=26601","title":{"rendered":"DESARTICULARON UNA RED DE ESTAFADORES QUE OFRECIA ALQUILERES FALSOS EN SAN SALVADOR"},"content":{"rendered":"\n<figure class=\"wp-block-gallery has-nested-images columns-default is-cropped wp-block-gallery-1 is-layout-flex wp-block-gallery-is-layout-flex\">\n<figure class=\"wp-block-image size-large\"><img loading=\"lazy\" decoding=\"async\" width=\"1024\" height=\"683\" data-id=\"26603\" src=\"https:\/\/elmetidosv.com\/wp-content\/uploads\/2026\/04\/FGR-2-1024x683.jpg\" alt=\"\" class=\"wp-image-26603\" srcset=\"https:\/\/elmetidosv.com\/wp-content\/uploads\/2026\/04\/FGR-2-1024x683.jpg 1024w, https:\/\/elmetidosv.com\/wp-content\/uploads\/2026\/04\/FGR-2-300x200.jpg 300w, https:\/\/elmetidosv.com\/wp-content\/uploads\/2026\/04\/FGR-2-768x512.jpg 768w, https:\/\/elmetidosv.com\/wp-content\/uploads\/2026\/04\/FGR-2-1536x1024.jpg 1536w, https:\/\/elmetidosv.com\/wp-content\/uploads\/2026\/04\/FGR-2-2048x1366.jpg 2048w\" sizes=\"auto, (max-width: 1024px) 100vw, 1024px\" \/><\/figure>\n<\/figure>\n\n\n\n<p>La Fiscal\u00eda General de la Rep\u00fablica (FGR), en coordinaci\u00f3n con la Polic\u00eda Nacional Civil (PNC), ejecut\u00f3 un operativo durante la madrugada que permiti\u00f3 la captura de presuntos estafadores que ofrec\u00edan apartamentos inexistentes en zonas exclusivas de la capital.<\/p>\n\n\n\n<p>De acuerdo con las investigaciones, los imputados operaban principalmente en \u00e1reas como San Benito y la colonia Escal\u00f3n, donde publicaban en redes sociales supuestos alquileres a bajo costo, alrededor de $200 mensuales.<\/p>\n\n\n\n<p>Las autoridades detallaron que los sujetos utilizaban fotograf\u00edas falsas para atraer a las v\u00edctimas, quienes realizaban transferencias de dinero en concepto de reserva. Posteriormente, los implicados retiraban el efectivo en cajeros autom\u00e1ticos y bloqueaban toda comunicaci\u00f3n.<\/p>\n\n\n\n<figure class=\"wp-block-gallery has-nested-images columns-default is-cropped wp-block-gallery-2 is-layout-flex wp-block-gallery-is-layout-flex\">\n<figure class=\"wp-block-image size-large\"><img loading=\"lazy\" decoding=\"async\" width=\"768\" height=\"1024\" data-id=\"26604\" src=\"https:\/\/elmetidosv.com\/wp-content\/uploads\/2026\/04\/FGR-3-1-768x1024.jpg\" alt=\"\" class=\"wp-image-26604\" srcset=\"https:\/\/elmetidosv.com\/wp-content\/uploads\/2026\/04\/FGR-3-1-768x1024.jpg 768w, https:\/\/elmetidosv.com\/wp-content\/uploads\/2026\/04\/FGR-3-1-225x300.jpg 225w, https:\/\/elmetidosv.com\/wp-content\/uploads\/2026\/04\/FGR-3-1.jpg 1037w\" sizes=\"auto, (max-width: 768px) 100vw, 768px\" \/><\/figure>\n<\/figure>\n\n\n\n<p>Hasta el momento, se reportan al menos siete personas afectadas por este esquema fraudulento.<\/p>\n\n\n\n<p>Los capturados fueron identificados como Jes\u00fas Alberto Ram\u00edrez Moreno y Jos\u00e9 Ernesto Flores Flores, quienes enfrentar\u00e1n cargos por estafa.<\/p>\n\n\n\n<p>La FGR reiter\u00f3 el llamado a la poblaci\u00f3n a verificar la autenticidad de las ofertas en l\u00ednea y evitar realizar pagos sin confirmar la existencia real de los inmuebles.<\/p>\n\n\n\n<figure class=\"wp-block-gallery has-nested-images columns-default is-cropped wp-block-gallery-3 is-layout-flex wp-block-gallery-is-layout-flex\">\n<figure class=\"wp-block-image size-large\"><img loading=\"lazy\" decoding=\"async\" width=\"600\" height=\"480\" data-id=\"26048\" src=\"https:\/\/elmetidosv.com\/wp-content\/uploads\/2026\/04\/car-wash-1-2.jpg\" alt=\"\" class=\"wp-image-26048\" srcset=\"https:\/\/elmetidosv.com\/wp-content\/uploads\/2026\/04\/car-wash-1-2.jpg 600w, https:\/\/elmetidosv.com\/wp-content\/uploads\/2026\/04\/car-wash-1-2-300x240.jpg 300w\" sizes=\"auto, (max-width: 600px) 100vw, 600px\" \/><\/figure>\n<\/figure>\n","protected":false},"excerpt":{"rendered":"<p>La Fiscal\u00eda General de la Rep\u00fablica (FGR), en coordinaci\u00f3n con la Polic\u00eda Nacional Civil (PNC), ejecut\u00f3 un operativo durante la<\/p>\n","protected":false},"author":2,"featured_media":26602,"comment_status":"closed","ping_status":"","sticky":false,"template":"","format":"standard","meta":{"colormag_page_container_layout":"default_layout","colormag_page_sidebar_layout":"default_layout","footnotes":""},"categories":[1],"tags":[7881,96,84,7882,1418,31,612,363,666,22,85,521,2067,126,93,3011],"class_list":["post-26601","post","type-post","status-publish","format-standard","has-post-thumbnail","hentry","category-nacional","tag-alquileres-falsos","tag-autoridades","tag-capturas","tag-capturas-tags-el-salvador","tag-colonia-escalon","tag-el-salvador","tag-estafa","tag-fgr","tag-fraude","tag-investigacion","tag-pnc","tag-redes-sociales","tag-san-benito","tag-san-salvador","tag-seguridad","tag-victimas"],"_links":{"self":[{"href":"https:\/\/elmetidosv.com\/index.php?rest_route=\/wp\/v2\/posts\/26601","targetHints":{"allow":["GET"]}}],"collection":[{"href":"https:\/\/elmetidosv.com\/index.php?rest_route=\/wp\/v2\/posts"}],"about":[{"href":"https:\/\/elmetidosv.com\/index.php?rest_route=\/wp\/v2\/types\/post"}],"author":[{"embeddable":true,"href":"https:\/\/elmetidosv.com\/index.php?rest_route=\/wp\/v2\/users\/2"}],"replies":[{"embeddable":true,"href":"https:\/\/elmetidosv.com\/index.php?rest_route=%2Fwp%2Fv2%2Fcomments&post=26601"}],"version-history":[{"count":1,"href":"https:\/\/elmetidosv.com\/index.php?rest_route=\/wp\/v2\/posts\/26601\/revisions"}],"predecessor-version":[{"id":26605,"href":"https:\/\/elmetidosv.com\/index.php?rest_route=\/wp\/v2\/posts\/26601\/revisions\/26605"}],"wp:featuredmedia":[{"embeddable":true,"href":"https:\/\/elmetidosv.com\/index.php?rest_route=\/wp\/v2\/media\/26602"}],"wp:attachment":[{"href":"https:\/\/elmetidosv.com\/index.php?rest_route=%2Fwp%2Fv2%2Fmedia&parent=26601"}],"wp:term":[{"taxonomy":"category","embeddable":true,"href":"https:\/\/elmetidosv.com\/index.php?rest_route=%2Fwp%2Fv2%2Fcategories&post=26601"},{"taxonomy":"post_tag","embeddable":true,"href":"https:\/\/elmetidosv.com\/index.php?rest_route=%2Fwp%2Fv2%2Ftags&post=26601"}],"curies":[{"name":"wp","href":"https:\/\/api.w.org\/{rel}","templated":true}]}}