{"id":26597,"date":"2026-04-30T08:37:56","date_gmt":"2026-04-30T14:37:56","guid":{"rendered":"https:\/\/elmetidosv.com\/?p=26597"},"modified":"2026-04-30T08:37:56","modified_gmt":"2026-04-30T14:37:56","slug":"fue-detenida-en-venezuela-presunta-feminicida-de-exreina-de-belleza-mexicana","status":"publish","type":"post","link":"https:\/\/elmetidosv.com\/?p=26597","title":{"rendered":"FUE DETENIDA EN VENEZUELA PRESUNTA FEMINICIDA DE EXREINA DE BELLEZA MEXICANA"},"content":{"rendered":"\n<figure class=\"wp-block-gallery has-nested-images columns-default is-cropped wp-block-gallery-1 is-layout-flex wp-block-gallery-is-layout-flex\">\n<figure class=\"wp-block-image size-large\"><img loading=\"lazy\" decoding=\"async\" width=\"951\" height=\"1024\" data-id=\"26599\" src=\"https:\/\/elmetidosv.com\/wp-content\/uploads\/2026\/04\/mexico-3-1-951x1024.jpg\" alt=\"\" class=\"wp-image-26599\" srcset=\"https:\/\/elmetidosv.com\/wp-content\/uploads\/2026\/04\/mexico-3-1-951x1024.jpg 951w, https:\/\/elmetidosv.com\/wp-content\/uploads\/2026\/04\/mexico-3-1-279x300.jpg 279w, https:\/\/elmetidosv.com\/wp-content\/uploads\/2026\/04\/mexico-3-1-768x827.jpg 768w, https:\/\/elmetidosv.com\/wp-content\/uploads\/2026\/04\/mexico-3-1.jpg 1179w\" sizes=\"auto, (max-width: 951px) 100vw, 951px\" \/><\/figure>\n<\/figure>\n\n\n\n<p>La Fiscal\u00eda General de Justicia de la Ciudad de M\u00e9xico confirm\u00f3 la detenci\u00f3n en Venezuela de Erika Mar\u00eda Guadalupe Herrera Coriand, de 63 a\u00f1os, acusada del feminicidio de su nuera, Carolina Flores G\u00f3mez.<\/p>\n\n\n\n<p>El crimen ocurri\u00f3 el pasado 15 de abril en un departamento ubicado en la zona de Polanco, en Ciudad de M\u00e9xico. Tras los hechos, la mujer huy\u00f3 del pa\u00eds al d\u00eda siguiente, viajando v\u00eda Panam\u00e1 hasta llegar a Caracas.<\/p>\n\n\n\n<p>La captura fue posible gracias a la emisi\u00f3n de una ficha roja de Interpol, lo que permiti\u00f3 su localizaci\u00f3n y detenci\u00f3n por autoridades venezolanas.<\/p>\n\n\n\n<p>De acuerdo con las autoridades, en los pr\u00f3ximos d\u00edas iniciar\u00e1 el proceso de extradici\u00f3n hacia M\u00e9xico para que enfrente la justicia por este caso que ha generado fuerte impacto medi\u00e1tico e indignaci\u00f3n social.<\/p>\n\n\n\n<p>El asesinato de la joven, quien ten\u00eda 27 a\u00f1os, ha provocado un amplio debate sobre la violencia de g\u00e9nero y la respuesta institucional ante este tipo de cr\u00edmenes.<\/p>\n\n\n\n<figure class=\"wp-block-gallery has-nested-images columns-default is-cropped wp-block-gallery-2 is-layout-flex wp-block-gallery-is-layout-flex\">\n<figure class=\"wp-block-image size-large\"><img loading=\"lazy\" decoding=\"async\" width=\"600\" height=\"480\" data-id=\"26048\" src=\"https:\/\/elmetidosv.com\/wp-content\/uploads\/2026\/04\/car-wash-1-2.jpg\" alt=\"\" class=\"wp-image-26048\" srcset=\"https:\/\/elmetidosv.com\/wp-content\/uploads\/2026\/04\/car-wash-1-2.jpg 600w, https:\/\/elmetidosv.com\/wp-content\/uploads\/2026\/04\/car-wash-1-2-300x240.jpg 300w\" sizes=\"auto, (max-width: 600px) 100vw, 600px\" \/><\/figure>\n<\/figure>\n","protected":false},"excerpt":{"rendered":"<p>La Fiscal\u00eda General de Justicia de la Ciudad de M\u00e9xico confirm\u00f3 la detenci\u00f3n en Venezuela de Erika Mar\u00eda Guadalupe Herrera<\/p>\n","protected":false},"author":2,"featured_media":26598,"comment_status":"closed","ping_status":"","sticky":false,"template":"","format":"standard","meta":{"colormag_page_container_layout":"default_layout","colormag_page_sidebar_layout":"default_layout","footnotes":""},"categories":[3],"tags":[96,7879,7880,667,1674,174,6238,22,82,7686,162,1092,93,226,352],"class_list":["post-26597","post","type-post","status-publish","format-standard","has-post-thumbnail","hentry","category-internacional","tag-autoridades","tag-carolina-flores","tag-caso-internacional","tag-detencion","tag-extradicion","tag-feminicidio","tag-interpol","tag-investigacion","tag-justicia","tag-justicia-tags-mexico","tag-mexico","tag-noticias","tag-seguridad","tag-venezuela","tag-violencia-de-genero"],"_links":{"self":[{"href":"https:\/\/elmetidosv.com\/index.php?rest_route=\/wp\/v2\/posts\/26597","targetHints":{"allow":["GET"]}}],"collection":[{"href":"https:\/\/elmetidosv.com\/index.php?rest_route=\/wp\/v2\/posts"}],"about":[{"href":"https:\/\/elmetidosv.com\/index.php?rest_route=\/wp\/v2\/types\/post"}],"author":[{"embeddable":true,"href":"https:\/\/elmetidosv.com\/index.php?rest_route=\/wp\/v2\/users\/2"}],"replies":[{"embeddable":true,"href":"https:\/\/elmetidosv.com\/index.php?rest_route=%2Fwp%2Fv2%2Fcomments&post=26597"}],"version-history":[{"count":1,"href":"https:\/\/elmetidosv.com\/index.php?rest_route=\/wp\/v2\/posts\/26597\/revisions"}],"predecessor-version":[{"id":26600,"href":"https:\/\/elmetidosv.com\/index.php?rest_route=\/wp\/v2\/posts\/26597\/revisions\/26600"}],"wp:featuredmedia":[{"embeddable":true,"href":"https:\/\/elmetidosv.com\/index.php?rest_route=\/wp\/v2\/media\/26598"}],"wp:attachment":[{"href":"https:\/\/elmetidosv.com\/index.php?rest_route=%2Fwp%2Fv2%2Fmedia&parent=26597"}],"wp:term":[{"taxonomy":"category","embeddable":true,"href":"https:\/\/elmetidosv.com\/index.php?rest_route=%2Fwp%2Fv2%2Fcategories&post=26597"},{"taxonomy":"post_tag","embeddable":true,"href":"https:\/\/elmetidosv.com\/index.php?rest_route=%2Fwp%2Fv2%2Ftags&post=26597"}],"curies":[{"name":"wp","href":"https:\/\/api.w.org\/{rel}","templated":true}]}}