{"id":26588,"date":"2026-04-29T14:16:45","date_gmt":"2026-04-29T20:16:45","guid":{"rendered":"https:\/\/elmetidosv.com\/?p=26588"},"modified":"2026-04-29T14:16:45","modified_gmt":"2026-04-29T20:16:45","slug":"accidente-de-transito-dejo-cuatro-lesionados-en-el-palmarcito-la-libertad","status":"publish","type":"post","link":"https:\/\/elmetidosv.com\/?p=26588","title":{"rendered":"ACCIDENTE DE TR\u00c1NSITO DEJ\u00d3 CUATRO LESIONADOS EN EL PALMARCITO, LA LIBERTAD"},"content":{"rendered":"\n<figure class=\"wp-block-gallery has-nested-images columns-default is-cropped wp-block-gallery-1 is-layout-flex wp-block-gallery-is-layout-flex\">\n<figure class=\"wp-block-image size-large\"><img loading=\"lazy\" decoding=\"async\" width=\"1024\" height=\"461\" data-id=\"26590\" src=\"https:\/\/elmetidosv.com\/wp-content\/uploads\/2026\/04\/acci-2-5-1024x461.jpg\" alt=\"\" class=\"wp-image-26590\" srcset=\"https:\/\/elmetidosv.com\/wp-content\/uploads\/2026\/04\/acci-2-5-1024x461.jpg 1024w, https:\/\/elmetidosv.com\/wp-content\/uploads\/2026\/04\/acci-2-5-300x135.jpg 300w, https:\/\/elmetidosv.com\/wp-content\/uploads\/2026\/04\/acci-2-5-768x346.jpg 768w, https:\/\/elmetidosv.com\/wp-content\/uploads\/2026\/04\/acci-2-5-1536x691.jpg 1536w, https:\/\/elmetidosv.com\/wp-content\/uploads\/2026\/04\/acci-2-5.jpg 1600w\" sizes=\"auto, (max-width: 1024px) 100vw, 1024px\" \/><\/figure>\n<\/figure>\n\n\n\n<p>Un accidente de tr\u00e1nsito dej\u00f3 a cuatro personas lesionadas en la zona de El Palmarcito, en el distrito de Tamanique.<\/p>\n\n\n\n<p>Equipos de Cruz Verde Salvadore\u00f1a, en coordinaci\u00f3n con el Sistema de Emergencias M\u00e9dicas, atendieron la emergencia y brindaron asistencia a las v\u00edctimas en el lugar.<\/p>\n\n\n\n<p>De los lesionados, dos se encuentran en estado delicado y fueron trasladados al Hospital Nacional San Rafael para recibir atenci\u00f3n especializada.<\/p>\n\n\n\n<p>Las otras dos personas fueron estabilizadas en la escena por los socorristas mientras continuaban las labores de atenci\u00f3n.<\/p>\n\n\n\n<p>Las autoridades se mantienen investigando las causas del percance.<\/p>\n\n\n\n<figure class=\"wp-block-gallery has-nested-images columns-default is-cropped wp-block-gallery-2 is-layout-flex wp-block-gallery-is-layout-flex\">\n<figure class=\"wp-block-image size-large\"><img loading=\"lazy\" decoding=\"async\" width=\"600\" height=\"480\" data-id=\"26048\" src=\"https:\/\/elmetidosv.com\/wp-content\/uploads\/2026\/04\/car-wash-1-2.jpg\" alt=\"\" class=\"wp-image-26048\" srcset=\"https:\/\/elmetidosv.com\/wp-content\/uploads\/2026\/04\/car-wash-1-2.jpg 600w, https:\/\/elmetidosv.com\/wp-content\/uploads\/2026\/04\/car-wash-1-2-300x240.jpg 300w\" sizes=\"auto, (max-width: 600px) 100vw, 600px\" \/><\/figure>\n<\/figure>\n","protected":false},"excerpt":{"rendered":"<p>Un accidente de tr\u00e1nsito dej\u00f3 a cuatro personas lesionadas en la zona de El Palmarcito, en el distrito de Tamanique.<\/p>\n","protected":false},"author":2,"featured_media":26589,"comment_status":"closed","ping_status":"","sticky":false,"template":"","format":"standard","meta":{"colormag_page_container_layout":"default_layout","colormag_page_sidebar_layout":"default_layout","footnotes":""},"categories":[1],"tags":[261,96,149,555,31,330,7194,1065,22,115,860,1092,122,387,7012,120],"class_list":["post-26588","post","type-post","status-publish","format-standard","has-post-thumbnail","hentry","category-nacional","tag-accidente","tag-autoridades","tag-cruz-verde","tag-cruz-verde-salvadorena","tag-el-salvador","tag-emergencia","tag-emergencia-tags-el-salvador","tag-hospital-san-rafael","tag-investigacion","tag-la-libertad","tag-lesionados","tag-noticias","tag-seguridad-vial","tag-socorristas","tag-tamanique","tag-transito"],"_links":{"self":[{"href":"https:\/\/elmetidosv.com\/index.php?rest_route=\/wp\/v2\/posts\/26588","targetHints":{"allow":["GET"]}}],"collection":[{"href":"https:\/\/elmetidosv.com\/index.php?rest_route=\/wp\/v2\/posts"}],"about":[{"href":"https:\/\/elmetidosv.com\/index.php?rest_route=\/wp\/v2\/types\/post"}],"author":[{"embeddable":true,"href":"https:\/\/elmetidosv.com\/index.php?rest_route=\/wp\/v2\/users\/2"}],"replies":[{"embeddable":true,"href":"https:\/\/elmetidosv.com\/index.php?rest_route=%2Fwp%2Fv2%2Fcomments&post=26588"}],"version-history":[{"count":1,"href":"https:\/\/elmetidosv.com\/index.php?rest_route=\/wp\/v2\/posts\/26588\/revisions"}],"predecessor-version":[{"id":26591,"href":"https:\/\/elmetidosv.com\/index.php?rest_route=\/wp\/v2\/posts\/26588\/revisions\/26591"}],"wp:featuredmedia":[{"embeddable":true,"href":"https:\/\/elmetidosv.com\/index.php?rest_route=\/wp\/v2\/media\/26589"}],"wp:attachment":[{"href":"https:\/\/elmetidosv.com\/index.php?rest_route=%2Fwp%2Fv2%2Fmedia&parent=26588"}],"wp:term":[{"taxonomy":"category","embeddable":true,"href":"https:\/\/elmetidosv.com\/index.php?rest_route=%2Fwp%2Fv2%2Fcategories&post=26588"},{"taxonomy":"post_tag","embeddable":true,"href":"https:\/\/elmetidosv.com\/index.php?rest_route=%2Fwp%2Fv2%2Ftags&post=26588"}],"curies":[{"name":"wp","href":"https:\/\/api.w.org\/{rel}","templated":true}]}}