{"id":26583,"date":"2026-04-29T14:05:55","date_gmt":"2026-04-29T20:05:55","guid":{"rendered":"https:\/\/elmetidosv.com\/?p=26583"},"modified":"2026-04-29T14:05:55","modified_gmt":"2026-04-29T20:05:55","slug":"bukele-propone-crear-circunscripcion-electoral-para-la-diaspora-salvadorena","status":"publish","type":"post","link":"https:\/\/elmetidosv.com\/?p=26583","title":{"rendered":"BUKELE PROPONE CREAR CIRCUNSCRIPCI\u00d3N ELECTORAL PARA LA DI\u00c1SPORA SALVADORE\u00d1A"},"content":{"rendered":"\n<figure class=\"wp-block-gallery has-nested-images columns-default is-cropped wp-block-gallery-1 is-layout-flex wp-block-gallery-is-layout-flex\">\n<figure class=\"wp-block-image size-large\"><img loading=\"lazy\" decoding=\"async\" width=\"580\" height=\"551\" data-id=\"26585\" src=\"https:\/\/elmetidosv.com\/wp-content\/uploads\/2026\/04\/bukele-2.png\" alt=\"\" class=\"wp-image-26585\" srcset=\"https:\/\/elmetidosv.com\/wp-content\/uploads\/2026\/04\/bukele-2.png 580w, https:\/\/elmetidosv.com\/wp-content\/uploads\/2026\/04\/bukele-2-300x285.png 300w\" sizes=\"auto, (max-width: 580px) 100vw, 580px\" \/><\/figure>\n<\/figure>\n\n\n\n<p>El presidente Nayib Bukele solicit\u00f3 formalmente a la Asamblea Legislativa de El Salvador impulsar una reforma constitucional que permita la creaci\u00f3n de una circunscripci\u00f3n electoral exclusiva para la di\u00e1spora.<\/p>\n\n\n\n<p>De acuerdo con el comunicado oficial de la Presidencia, la iniciativa busca que los salvadore\u00f1os en el exterior puedan elegir directamente a sus propios diputados, otorg\u00e1ndoles representaci\u00f3n con voz y voto dentro del \u00f3rgano legislativo.<\/p>\n\n\n\n<p>La propuesta plantea que esta circunscripci\u00f3n se establezca en proporci\u00f3n al n\u00famero de votantes fuera del pa\u00eds, lo que permitir\u00eda una representaci\u00f3n m\u00e1s equitativa seg\u00fan el peso real de la di\u00e1spora en el padr\u00f3n electoral. Actualmente, se estima que m\u00e1s de 3 millones de salvadore\u00f1os residen en el extranjero.<\/p>\n\n\n\n<figure class=\"wp-block-gallery has-nested-images columns-default is-cropped wp-block-gallery-2 is-layout-flex wp-block-gallery-is-layout-flex\">\n<figure class=\"wp-block-image size-large\"><img loading=\"lazy\" decoding=\"async\" width=\"768\" height=\"1024\" data-id=\"26586\" src=\"https:\/\/elmetidosv.com\/wp-content\/uploads\/2026\/04\/bukele-1-768x1024.jpg\" alt=\"\" class=\"wp-image-26586\" srcset=\"https:\/\/elmetidosv.com\/wp-content\/uploads\/2026\/04\/bukele-1-768x1024.jpg 768w, https:\/\/elmetidosv.com\/wp-content\/uploads\/2026\/04\/bukele-1-225x300.jpg 225w, https:\/\/elmetidosv.com\/wp-content\/uploads\/2026\/04\/bukele-1-1152x1536.jpg 1152w, https:\/\/elmetidosv.com\/wp-content\/uploads\/2026\/04\/bukele-1.jpg 1536w\" sizes=\"auto, (max-width: 768px) 100vw, 768px\" \/><\/figure>\n<\/figure>\n\n\n\n<p><\/p>\n\n\n\n<p>El mandatario destac\u00f3 que esta medida forma parte de un esfuerzo por fortalecer la participaci\u00f3n pol\u00edtica de los connacionales fuera del territorio nacional, reconociendo su aporte econ\u00f3mico y social al pa\u00eds.<\/p>\n\n\n\n<p>De ser aprobada, la reforma marcar\u00eda un precedente en el sistema democr\u00e1tico de El Salvador, al abrir un espacio propio para la di\u00e1spora dentro de la Asamblea Legislativa.<\/p>\n\n\n\n<p>La solicitud fue presentada el 29 de abril de 2026.<\/p>\n\n\n\n<figure class=\"wp-block-gallery has-nested-images columns-default is-cropped wp-block-gallery-3 is-layout-flex wp-block-gallery-is-layout-flex\">\n<figure class=\"wp-block-image size-large\"><img loading=\"lazy\" decoding=\"async\" width=\"1024\" height=\"1024\" data-id=\"23574\" src=\"https:\/\/elmetidosv.com\/wp-content\/uploads\/2026\/02\/santeins-2-bueno.jpeg\" alt=\"\" class=\"wp-image-23574\" srcset=\"https:\/\/elmetidosv.com\/wp-content\/uploads\/2026\/02\/santeins-2-bueno.jpeg 1024w, https:\/\/elmetidosv.com\/wp-content\/uploads\/2026\/02\/santeins-2-bueno-300x300.jpeg 300w, https:\/\/elmetidosv.com\/wp-content\/uploads\/2026\/02\/santeins-2-bueno-150x150.jpeg 150w, https:\/\/elmetidosv.com\/wp-content\/uploads\/2026\/02\/santeins-2-bueno-768x768.jpeg 768w\" sizes=\"auto, (max-width: 1024px) 100vw, 1024px\" \/><\/figure>\n<\/figure>\n","protected":false},"excerpt":{"rendered":"<p>El presidente Nayib Bukele solicit\u00f3 formalmente a la Asamblea Legislativa de El Salvador impulsar una reforma constitucional que permita la<\/p>\n","protected":false},"author":2,"featured_media":26584,"comment_status":"closed","ping_status":"","sticky":false,"template":"","format":"standard","meta":{"colormag_page_container_layout":"default_layout","colormag_page_sidebar_layout":"default_layout","footnotes":""},"categories":[4],"tags":[567,7873,2086,7867,31,331,7871,7595,192,1092,7874,791,7868,7865,7872,7869,7866,7870],"class_list":["post-26583","post","type-post","status-publish","format-standard","has-post-thumbnail","hentry","category-politica","tag-asamblea-legislativa","tag-connacionales","tag-democracia","tag-diaspora","tag-el-salvador","tag-gobierno","tag-iniciativa","tag-leyes","tag-nayib-bukele","tag-noticias","tag-participacion","tag-politica","tag-reforma","tag-reforma-constitucional","tag-representacion","tag-representacion-tags-el-salvador","tag-voto-en-el-exterior","tag-voto-exterior"],"_links":{"self":[{"href":"https:\/\/elmetidosv.com\/index.php?rest_route=\/wp\/v2\/posts\/26583","targetHints":{"allow":["GET"]}}],"collection":[{"href":"https:\/\/elmetidosv.com\/index.php?rest_route=\/wp\/v2\/posts"}],"about":[{"href":"https:\/\/elmetidosv.com\/index.php?rest_route=\/wp\/v2\/types\/post"}],"author":[{"embeddable":true,"href":"https:\/\/elmetidosv.com\/index.php?rest_route=\/wp\/v2\/users\/2"}],"replies":[{"embeddable":true,"href":"https:\/\/elmetidosv.com\/index.php?rest_route=%2Fwp%2Fv2%2Fcomments&post=26583"}],"version-history":[{"count":1,"href":"https:\/\/elmetidosv.com\/index.php?rest_route=\/wp\/v2\/posts\/26583\/revisions"}],"predecessor-version":[{"id":26587,"href":"https:\/\/elmetidosv.com\/index.php?rest_route=\/wp\/v2\/posts\/26583\/revisions\/26587"}],"wp:featuredmedia":[{"embeddable":true,"href":"https:\/\/elmetidosv.com\/index.php?rest_route=\/wp\/v2\/media\/26584"}],"wp:attachment":[{"href":"https:\/\/elmetidosv.com\/index.php?rest_route=%2Fwp%2Fv2%2Fmedia&parent=26583"}],"wp:term":[{"taxonomy":"category","embeddable":true,"href":"https:\/\/elmetidosv.com\/index.php?rest_route=%2Fwp%2Fv2%2Fcategories&post=26583"},{"taxonomy":"post_tag","embeddable":true,"href":"https:\/\/elmetidosv.com\/index.php?rest_route=%2Fwp%2Fv2%2Ftags&post=26583"}],"curies":[{"name":"wp","href":"https:\/\/api.w.org\/{rel}","templated":true}]}}