{"id":26579,"date":"2026-04-29T13:37:19","date_gmt":"2026-04-29T19:37:19","guid":{"rendered":"https:\/\/elmetidosv.com\/?p=26579"},"modified":"2026-04-29T13:37:19","modified_gmt":"2026-04-29T19:37:19","slug":"piden-ayuda-para-familia-con-tres-miembros-que-padecen-hidrocefalia-en-santa-ana","status":"publish","type":"post","link":"https:\/\/elmetidosv.com\/?p=26579","title":{"rendered":"PIDEN AYUDA PARA FAMILIA CON TRES MIEMBROS QUE PADECEN HIDROCEFALIA EN SANTA ANA"},"content":{"rendered":"\n<figure class=\"wp-block-gallery has-nested-images columns-default is-cropped wp-block-gallery-1 is-layout-flex wp-block-gallery-is-layout-flex\">\n<figure class=\"wp-block-image size-large\"><img loading=\"lazy\" decoding=\"async\" width=\"498\" height=\"501\" data-id=\"26581\" src=\"https:\/\/elmetidosv.com\/wp-content\/uploads\/2026\/04\/carias-3.png\" alt=\"\" class=\"wp-image-26581\" srcset=\"https:\/\/elmetidosv.com\/wp-content\/uploads\/2026\/04\/carias-3.png 498w, https:\/\/elmetidosv.com\/wp-content\/uploads\/2026\/04\/carias-3-298x300.png 298w, https:\/\/elmetidosv.com\/wp-content\/uploads\/2026\/04\/carias-3-150x150.png 150w\" sizes=\"auto, (max-width: 498px) 100vw, 498px\" \/><\/figure>\n<\/figure>\n\n\n\n<p>El maestro y ambientalista Carlos Humberto Carias dio a conocer la dif\u00edcil situaci\u00f3n que enfrenta una familia residente en el cant\u00f3n Potrero Grande Arriba, en Santa Ana.<\/p>\n\n\n\n<p>Seg\u00fan detall\u00f3, tres integrantes del mismo n\u00facleo familiar padecen de Hidrocefalia severa, una condici\u00f3n que provoca la acumulaci\u00f3n de l\u00edquido cefalorraqu\u00eddeo en el cerebro, generando una dilataci\u00f3n de los ventr\u00edculos y aumento de la presi\u00f3n intracraneal.<\/p>\n\n\n\n<p>Entre los afectados se encuentran un joven de 17 a\u00f1os, otro de 12 y una mujer de 40 a\u00f1os. La familia vive en condiciones de extrema pobreza y depende \u00fanicamente del esfuerzo de la madre, quien sostiene el hogar.<\/p>\n\n\n\n<p>Adem\u00e1s dejo su n\u00famero de contacto para que en casos de querer apoyar a esta familia se comunique con el al tel\u00e9fono 7046-6709 con Carlos Carias.<\/p>\n\n\n\n<p>Carias expres\u00f3 su preocupaci\u00f3n tras conocer el caso, se\u00f1alando que no contaba con los recursos suficientes para brindar ayuda inmediata, por lo que hizo un llamado a la solidaridad de la poblaci\u00f3n para apoyar con alimentos, insumos b\u00e1sicos o ayuda econ\u00f3mica destinada a la compra de medicamentos.<\/p>\n\n\n\n<p>Asimismo, invit\u00f3 a las personas interesadas en colaborar a sumarse y conocer de cerca la situaci\u00f3n de la familia, con el objetivo de brindarles un apoyo directo.<\/p>\n\n\n\n<figure class=\"wp-block-gallery has-nested-images columns-default is-cropped wp-block-gallery-2 is-layout-flex wp-block-gallery-is-layout-flex\">\n<figure class=\"wp-block-image size-large\"><img loading=\"lazy\" decoding=\"async\" width=\"1024\" height=\"1024\" data-id=\"23574\" src=\"https:\/\/elmetidosv.com\/wp-content\/uploads\/2026\/02\/santeins-2-bueno.jpeg\" alt=\"\" class=\"wp-image-23574\" srcset=\"https:\/\/elmetidosv.com\/wp-content\/uploads\/2026\/02\/santeins-2-bueno.jpeg 1024w, https:\/\/elmetidosv.com\/wp-content\/uploads\/2026\/02\/santeins-2-bueno-300x300.jpeg 300w, https:\/\/elmetidosv.com\/wp-content\/uploads\/2026\/02\/santeins-2-bueno-150x150.jpeg 150w, https:\/\/elmetidosv.com\/wp-content\/uploads\/2026\/02\/santeins-2-bueno-768x768.jpeg 768w\" sizes=\"auto, (max-width: 1024px) 100vw, 1024px\" \/><\/figure>\n<\/figure>\n","protected":false},"excerpt":{"rendered":"<p>El maestro y ambientalista Carlos Humberto Carias dio a conocer la dif\u00edcil situaci\u00f3n que enfrenta una familia residente en el<\/p>\n","protected":false},"author":2,"featured_media":26580,"comment_status":"closed","ping_status":"","sticky":false,"template":"","format":"standard","meta":{"colormag_page_container_layout":"default_layout","colormag_page_sidebar_layout":"default_layout","footnotes":""},"categories":[1],"tags":[7223,7862,7219,7861,1585,259,7859,5814,7860,2665,7864,1092,7863,887,754,7220],"class_list":["post-26579","post","type-post","status-publish","format-standard","has-post-thumbnail","hentry","category-nacional","tag-apoyo","tag-ayuda","tag-ayuda-social","tag-carlos-humberto-carias","tag-chalchuapa","tag-comunidad","tag-enfermedad","tag-familia","tag-hidrocefalia","tag-humanitario","tag-necesidad","tag-noticias","tag-pobreza","tag-salud","tag-solidaridad","tag-solidaridad-tags-el-salvador"],"_links":{"self":[{"href":"https:\/\/elmetidosv.com\/index.php?rest_route=\/wp\/v2\/posts\/26579","targetHints":{"allow":["GET"]}}],"collection":[{"href":"https:\/\/elmetidosv.com\/index.php?rest_route=\/wp\/v2\/posts"}],"about":[{"href":"https:\/\/elmetidosv.com\/index.php?rest_route=\/wp\/v2\/types\/post"}],"author":[{"embeddable":true,"href":"https:\/\/elmetidosv.com\/index.php?rest_route=\/wp\/v2\/users\/2"}],"replies":[{"embeddable":true,"href":"https:\/\/elmetidosv.com\/index.php?rest_route=%2Fwp%2Fv2%2Fcomments&post=26579"}],"version-history":[{"count":1,"href":"https:\/\/elmetidosv.com\/index.php?rest_route=\/wp\/v2\/posts\/26579\/revisions"}],"predecessor-version":[{"id":26582,"href":"https:\/\/elmetidosv.com\/index.php?rest_route=\/wp\/v2\/posts\/26579\/revisions\/26582"}],"wp:featuredmedia":[{"embeddable":true,"href":"https:\/\/elmetidosv.com\/index.php?rest_route=\/wp\/v2\/media\/26580"}],"wp:attachment":[{"href":"https:\/\/elmetidosv.com\/index.php?rest_route=%2Fwp%2Fv2%2Fmedia&parent=26579"}],"wp:term":[{"taxonomy":"category","embeddable":true,"href":"https:\/\/elmetidosv.com\/index.php?rest_route=%2Fwp%2Fv2%2Fcategories&post=26579"},{"taxonomy":"post_tag","embeddable":true,"href":"https:\/\/elmetidosv.com\/index.php?rest_route=%2Fwp%2Fv2%2Ftags&post=26579"}],"curies":[{"name":"wp","href":"https:\/\/api.w.org\/{rel}","templated":true}]}}