{"id":26575,"date":"2026-04-29T12:13:02","date_gmt":"2026-04-29T18:13:02","guid":{"rendered":"https:\/\/elmetidosv.com\/?p=26575"},"modified":"2026-04-29T12:13:02","modified_gmt":"2026-04-29T18:13:02","slug":"captaron-en-video-el-hurto-de-un-casco-en-chalchuapa-sospechoso-fue-interceptado","status":"publish","type":"post","link":"https:\/\/elmetidosv.com\/?p=26575","title":{"rendered":"CAPTARON EN VIDEO EL HURTO DE UN CASCO EN CHALCHUAPA; SOSPECHOSO FUE INTERCEPTADO"},"content":{"rendered":"\n<figure class=\"wp-block-gallery has-nested-images columns-default is-cropped wp-block-gallery-1 is-layout-flex wp-block-gallery-is-layout-flex\">\n<figure class=\"wp-block-image size-large\"><img loading=\"lazy\" decoding=\"async\" width=\"719\" height=\"645\" data-id=\"26577\" src=\"https:\/\/elmetidosv.com\/wp-content\/uploads\/2026\/04\/SAO-2.jpg\" alt=\"\" class=\"wp-image-26577\" srcset=\"https:\/\/elmetidosv.com\/wp-content\/uploads\/2026\/04\/SAO-2.jpg 719w, https:\/\/elmetidosv.com\/wp-content\/uploads\/2026\/04\/SAO-2-300x269.jpg 300w\" sizes=\"auto, (max-width: 719px) 100vw, 719px\" \/><\/figure>\n<\/figure>\n\n\n\n<p>La alcald\u00eda de Santa Ana Oeste inform\u00f3 sobre un caso de hurto ocurrido en Chalchuapa, el cual qued\u00f3 registrado en el sistema de videovigilancia municipal.<br>De acuerdo con la comuna, en las im\u00e1genes se observa a un sujeto ingresar a las cercan\u00edas de las instalaciones municipales, sustraer un casco de motocicleta y retirarse caminando del lugar.<br>Gracias al monitoreo de c\u00e1maras, las autoridades lograron dar seguimiento al individuo y posteriormente interceptarlo en las inmediaciones.<br>\u201cGracias al sistema de videovigilancia del distrito de Chalchuapa, se logr\u00f3 interceptar a un individuo vinculado al hurto, en las cercan\u00edas de las instalaciones municipales\u201d, detall\u00f3 la alcald\u00eda en sus redes sociales.<br>El caso evidencia el uso de tecnolog\u00eda para la prevenci\u00f3n y respuesta ante hechos delictivos en espacios p\u00fablicos. Las autoridades reiteraron su compromiso de continuar fortaleciendo la seguridad en el municipio.<\/p>\n\n\n\n<p>VIDEO <\/p>\n\n\n\n<figure class=\"wp-block-embed is-type-rich is-provider-twitter wp-block-embed-twitter\"><div class=\"wp-block-embed__wrapper\">\n<blockquote class=\"twitter-tweet\" data-width=\"550\" data-dnt=\"true\"><p lang=\"es\" dir=\"ltr\"><a href=\"https:\/\/twitter.com\/hashtag\/Chalchuapa?src=hash&amp;ref_src=twsrc%5Etfw\">#Chalchuapa<\/a><br>Gracias al sistema de videovigilancia del distrito, autoridades interceptaron a un individuo vinculado a un hurto en las cercan\u00edas de instalaciones municipales.<br><br>En las im\u00e1genes se observa cuando ingresa al lugar, toma un casco y se retira caminando. <a href=\"https:\/\/t.co\/16LyaSuQu4\">pic.twitter.com\/16LyaSuQu4<\/a><\/p>&mdash; El Metido (@elmetidooficial) <a href=\"https:\/\/twitter.com\/elmetidooficial\/status\/2049551875289063816?ref_src=twsrc%5Etfw\">April 29, 2026<\/a><\/blockquote><script async src=\"https:\/\/platform.twitter.com\/widgets.js\" charset=\"utf-8\"><\/script>\n<\/div><\/figure>\n","protected":false},"excerpt":{"rendered":"<p>La alcald\u00eda de Santa Ana Oeste inform\u00f3 sobre un caso de hurto ocurrido en Chalchuapa, el cual qued\u00f3 registrado en<\/p>\n","protected":false},"author":2,"featured_media":26576,"comment_status":"closed","ping_status":"","sticky":false,"template":"","format":"standard","meta":{"colormag_page_container_layout":"default_layout","colormag_page_sidebar_layout":"default_layout","footnotes":""},"categories":[1],"tags":[3897,96,7857,7855,1585,259,1381,7856,665,7858,1092,60,93,5887,3850],"class_list":["post-26575","post","type-post","status-publish","format-standard","has-post-thumbnail","hentry","category-nacional","tag-alcaldia","tag-autoridades","tag-camaras","tag-casco","tag-chalchuapa","tag-comunidad","tag-delito","tag-delito-tags-el-salvador","tag-hurto-2","tag-municipalidad","tag-noticias","tag-prevencion","tag-seguridad","tag-tecnologia","tag-videovigilancia"],"_links":{"self":[{"href":"https:\/\/elmetidosv.com\/index.php?rest_route=\/wp\/v2\/posts\/26575","targetHints":{"allow":["GET"]}}],"collection":[{"href":"https:\/\/elmetidosv.com\/index.php?rest_route=\/wp\/v2\/posts"}],"about":[{"href":"https:\/\/elmetidosv.com\/index.php?rest_route=\/wp\/v2\/types\/post"}],"author":[{"embeddable":true,"href":"https:\/\/elmetidosv.com\/index.php?rest_route=\/wp\/v2\/users\/2"}],"replies":[{"embeddable":true,"href":"https:\/\/elmetidosv.com\/index.php?rest_route=%2Fwp%2Fv2%2Fcomments&post=26575"}],"version-history":[{"count":1,"href":"https:\/\/elmetidosv.com\/index.php?rest_route=\/wp\/v2\/posts\/26575\/revisions"}],"predecessor-version":[{"id":26578,"href":"https:\/\/elmetidosv.com\/index.php?rest_route=\/wp\/v2\/posts\/26575\/revisions\/26578"}],"wp:featuredmedia":[{"embeddable":true,"href":"https:\/\/elmetidosv.com\/index.php?rest_route=\/wp\/v2\/media\/26576"}],"wp:attachment":[{"href":"https:\/\/elmetidosv.com\/index.php?rest_route=%2Fwp%2Fv2%2Fmedia&parent=26575"}],"wp:term":[{"taxonomy":"category","embeddable":true,"href":"https:\/\/elmetidosv.com\/index.php?rest_route=%2Fwp%2Fv2%2Fcategories&post=26575"},{"taxonomy":"post_tag","embeddable":true,"href":"https:\/\/elmetidosv.com\/index.php?rest_route=%2Fwp%2Fv2%2Ftags&post=26575"}],"curies":[{"name":"wp","href":"https:\/\/api.w.org\/{rel}","templated":true}]}}