{"id":26569,"date":"2026-04-29T11:06:20","date_gmt":"2026-04-29T17:06:20","guid":{"rendered":"https:\/\/elmetidosv.com\/?p=26569"},"modified":"2026-04-29T11:06:20","modified_gmt":"2026-04-29T17:06:20","slug":"condenaron-a-mas-de-22-anos-de-prision-a-sujeto-por-homicidio-tentado-en-soyapango","status":"publish","type":"post","link":"https:\/\/elmetidosv.com\/?p=26569","title":{"rendered":"CONDENARON A M\u00c1S DE 22 A\u00d1OS DE PRISI\u00d3N A SUJETO POR HOMICIDIO TENTADO EN SOYAPANGO."},"content":{"rendered":"\n<p>El Tribunal Segundo de Sentencia de San Salvador conden\u00f3 a 22 a\u00f1os y seis meses de prisi\u00f3n a Erick Alexander Contreras Lima, tras hallarlo culpable del delito de homicidio agravado en grado de tentativa.<\/p>\n\n\n\n<p>De acuerdo con la resoluci\u00f3n judicial, se comprob\u00f3 la participaci\u00f3n directa del imputado en el ataque contra la v\u00edctima, quien sufri\u00f3 un trauma cerebral de extrema gravedad.<\/p>\n\n\n\n<p>Seg\u00fan la investigaci\u00f3n fiscal, los hechos ocurrieron el 5 de septiembre de 2025 en el \u00e1rea de dormitorios del rastro municipal de Soyapango. Tras un intercambio de insultos, el condenado atac\u00f3 a la v\u00edctima con un tubo met\u00e1lico, provoc\u00e1ndole un fuerte golpe en la cabeza que lo dej\u00f3 inconsciente.<\/p>\n\n\n\n<p>Personas presentes intervinieron para detener la agresi\u00f3n, mientras que cuerpos de socorro trasladaron al afectado a un centro asistencial.<\/p>\n\n\n\n<p>Durante el juicio, el tribunal determin\u00f3 que la v\u00edctima requiri\u00f3 dos cirug\u00edas debido a la gravedad de las lesiones y que actualmente presenta secuelas como dolores intensos de cabeza, p\u00e9rdida parcial de la vista y afectaciones en la memoria.<\/p>\n\n\n\n<p>La condena responde a la gravedad del delito y a las pruebas presentadas durante el proceso judicial.<\/p>\n","protected":false},"excerpt":{"rendered":"<p>El Tribunal Segundo de Sentencia de San Salvador conden\u00f3 a 22 a\u00f1os y seis meses de prisi\u00f3n a Erick Alexander<\/p>\n","protected":false},"author":2,"featured_media":26570,"comment_status":"closed","ping_status":"","sticky":false,"template":"","format":"standard","meta":{"colormag_page_container_layout":"default_layout","colormag_page_sidebar_layout":"default_layout","footnotes":""},"categories":[1],"tags":[389,96,364,1381,31,1185,82,7543,1092,349,126,93,44,142,1382,7258],"class_list":["post-26569","post","type-post","status-publish","format-standard","has-post-thumbnail","hentry","category-nacional","tag-agresion","tag-autoridades","tag-condena","tag-delito","tag-el-salvador","tag-homicidio-tentado","tag-justicia","tag-justicia-tags-el-salvador","tag-noticias","tag-proceso-judicial","tag-san-salvador","tag-seguridad","tag-sentencia","tag-soyapango","tag-tribunal","tag-victima"],"_links":{"self":[{"href":"https:\/\/elmetidosv.com\/index.php?rest_route=\/wp\/v2\/posts\/26569","targetHints":{"allow":["GET"]}}],"collection":[{"href":"https:\/\/elmetidosv.com\/index.php?rest_route=\/wp\/v2\/posts"}],"about":[{"href":"https:\/\/elmetidosv.com\/index.php?rest_route=\/wp\/v2\/types\/post"}],"author":[{"embeddable":true,"href":"https:\/\/elmetidosv.com\/index.php?rest_route=\/wp\/v2\/users\/2"}],"replies":[{"embeddable":true,"href":"https:\/\/elmetidosv.com\/index.php?rest_route=%2Fwp%2Fv2%2Fcomments&post=26569"}],"version-history":[{"count":1,"href":"https:\/\/elmetidosv.com\/index.php?rest_route=\/wp\/v2\/posts\/26569\/revisions"}],"predecessor-version":[{"id":26571,"href":"https:\/\/elmetidosv.com\/index.php?rest_route=\/wp\/v2\/posts\/26569\/revisions\/26571"}],"wp:featuredmedia":[{"embeddable":true,"href":"https:\/\/elmetidosv.com\/index.php?rest_route=\/wp\/v2\/media\/26570"}],"wp:attachment":[{"href":"https:\/\/elmetidosv.com\/index.php?rest_route=%2Fwp%2Fv2%2Fmedia&parent=26569"}],"wp:term":[{"taxonomy":"category","embeddable":true,"href":"https:\/\/elmetidosv.com\/index.php?rest_route=%2Fwp%2Fv2%2Fcategories&post=26569"},{"taxonomy":"post_tag","embeddable":true,"href":"https:\/\/elmetidosv.com\/index.php?rest_route=%2Fwp%2Fv2%2Ftags&post=26569"}],"curies":[{"name":"wp","href":"https:\/\/api.w.org\/{rel}","templated":true}]}}