{"id":26558,"date":"2026-04-29T10:23:15","date_gmt":"2026-04-29T16:23:15","guid":{"rendered":"https:\/\/elmetidosv.com\/?p=26558"},"modified":"2026-04-29T10:23:15","modified_gmt":"2026-04-29T16:23:15","slug":"medio-ambiente-pronostica-miercoles-caluroso-y-con-lluvias-en-el-salvador","status":"publish","type":"post","link":"https:\/\/elmetidosv.com\/?p=26558","title":{"rendered":"MEDIO AMBIENTE PRONOSTICA MI\u00c9RCOLES CALUROSO Y CON LLUVIAS EN EL SALVADOR"},"content":{"rendered":"\n<p>El Ministerio de Medio Ambiente y Recursos Naturales inform\u00f3 que este mi\u00e9rcoles estar\u00e1 marcado por un ambiente caluroso en gran parte del pa\u00eds.<br>Durante la ma\u00f1ana, el cielo se mantendr\u00e1 parcialmente nublado, con lluvias en la cadena volc\u00e1nica de la zona occidental, central y paracentral.<br>Para la tarde, se prev\u00e9 la continuidad de precipitaciones en sectores como la cordillera Apaneca\u2013Ilamatepec y la cordillera del B\u00e1lsamo, adem\u00e1s de la zona norte del territorio.<br>En horas de la noche, el cielo seguir\u00e1 parcialmente nublado, con posibilidad de lluvias aisladas en la zona norte y occidente de El Salvador.<br>Las autoridades recomiendan a la poblaci\u00f3n mantenerse hidratada, evitar la exposici\u00f3n prolongada al sol y tomar precauciones ante posibles lluvias.<\/p>\n\n\n\n<figure class=\"wp-block-gallery has-nested-images columns-default is-cropped wp-block-gallery-1 is-layout-flex wp-block-gallery-is-layout-flex\">\n<figure class=\"wp-block-image size-large\"><img loading=\"lazy\" decoding=\"async\" width=\"1024\" height=\"1024\" data-id=\"23574\" src=\"https:\/\/elmetidosv.com\/wp-content\/uploads\/2026\/02\/santeins-2-bueno.jpeg\" alt=\"\" class=\"wp-image-23574\" srcset=\"https:\/\/elmetidosv.com\/wp-content\/uploads\/2026\/02\/santeins-2-bueno.jpeg 1024w, https:\/\/elmetidosv.com\/wp-content\/uploads\/2026\/02\/santeins-2-bueno-300x300.jpeg 300w, https:\/\/elmetidosv.com\/wp-content\/uploads\/2026\/02\/santeins-2-bueno-150x150.jpeg 150w, https:\/\/elmetidosv.com\/wp-content\/uploads\/2026\/02\/santeins-2-bueno-768x768.jpeg 768w\" sizes=\"auto, (max-width: 1024px) 100vw, 1024px\" \/><\/figure>\n<\/figure>\n\n\n\n<p><\/p>\n","protected":false},"excerpt":{"rendered":"<p>El Ministerio de Medio Ambiente y Recursos Naturales inform\u00f3 que este mi\u00e9rcoles estar\u00e1 marcado por un ambiente caluroso en gran<\/p>\n","protected":false},"author":2,"featured_media":26559,"comment_status":"closed","ping_status":"","sticky":false,"template":"","format":"standard","meta":{"colormag_page_container_layout":"default_layout","colormag_page_sidebar_layout":"default_layout","footnotes":""},"categories":[1],"tags":[1722,96,4909,844,1730,7848,7847,6710,7849,31,304,280,1092,7851,303,1721,7850],"class_list":["post-26558","post","type-post","status-publish","format-standard","has-post-thumbnail","hentry","category-nacional","tag-ambiente","tag-autoridades","tag-calor-2","tag-clima","tag-clima-hoy","tag-clima-hoy-tags-el-salvador","tag-cordillera-apaneca","tag-cordillera-del-balsamo","tag-cordilleras","tag-el-salvador","tag-lluvias","tag-medio-ambiente","tag-noticias","tag-precipitaciones","tag-pronostico","tag-recomendaciones","tag-temperatura"],"_links":{"self":[{"href":"https:\/\/elmetidosv.com\/index.php?rest_route=\/wp\/v2\/posts\/26558","targetHints":{"allow":["GET"]}}],"collection":[{"href":"https:\/\/elmetidosv.com\/index.php?rest_route=\/wp\/v2\/posts"}],"about":[{"href":"https:\/\/elmetidosv.com\/index.php?rest_route=\/wp\/v2\/types\/post"}],"author":[{"embeddable":true,"href":"https:\/\/elmetidosv.com\/index.php?rest_route=\/wp\/v2\/users\/2"}],"replies":[{"embeddable":true,"href":"https:\/\/elmetidosv.com\/index.php?rest_route=%2Fwp%2Fv2%2Fcomments&post=26558"}],"version-history":[{"count":1,"href":"https:\/\/elmetidosv.com\/index.php?rest_route=\/wp\/v2\/posts\/26558\/revisions"}],"predecessor-version":[{"id":26560,"href":"https:\/\/elmetidosv.com\/index.php?rest_route=\/wp\/v2\/posts\/26558\/revisions\/26560"}],"wp:featuredmedia":[{"embeddable":true,"href":"https:\/\/elmetidosv.com\/index.php?rest_route=\/wp\/v2\/media\/26559"}],"wp:attachment":[{"href":"https:\/\/elmetidosv.com\/index.php?rest_route=%2Fwp%2Fv2%2Fmedia&parent=26558"}],"wp:term":[{"taxonomy":"category","embeddable":true,"href":"https:\/\/elmetidosv.com\/index.php?rest_route=%2Fwp%2Fv2%2Fcategories&post=26558"},{"taxonomy":"post_tag","embeddable":true,"href":"https:\/\/elmetidosv.com\/index.php?rest_route=%2Fwp%2Fv2%2Ftags&post=26558"}],"curies":[{"name":"wp","href":"https:\/\/api.w.org\/{rel}","templated":true}]}}