{"id":26545,"date":"2026-04-29T09:28:35","date_gmt":"2026-04-29T15:28:35","guid":{"rendered":"https:\/\/elmetidosv.com\/?p=26545"},"modified":"2026-04-29T09:28:35","modified_gmt":"2026-04-29T15:28:35","slug":"allanamientos-dejan-decomiso-de-medicamentos-ilegales-en-el-salvador","status":"publish","type":"post","link":"https:\/\/elmetidosv.com\/?p=26545","title":{"rendered":"ALLANAMIENTOS DEJAN DECOMISO DE MEDICAMENTOS ILEGALES EN EL SALVADOR"},"content":{"rendered":"\n<figure class=\"wp-block-gallery has-nested-images columns-default is-cropped wp-block-gallery-1 is-layout-flex wp-block-gallery-is-layout-flex\">\n<figure class=\"wp-block-image size-large\"><img loading=\"lazy\" decoding=\"async\" width=\"1024\" height=\"683\" data-id=\"26547\" src=\"https:\/\/elmetidosv.com\/wp-content\/uploads\/2026\/04\/fgr-3-1024x683.jpg\" alt=\"\" class=\"wp-image-26547\" srcset=\"https:\/\/elmetidosv.com\/wp-content\/uploads\/2026\/04\/fgr-3-1024x683.jpg 1024w, https:\/\/elmetidosv.com\/wp-content\/uploads\/2026\/04\/fgr-3-300x200.jpg 300w, https:\/\/elmetidosv.com\/wp-content\/uploads\/2026\/04\/fgr-3-768x512.jpg 768w, https:\/\/elmetidosv.com\/wp-content\/uploads\/2026\/04\/fgr-3-1536x1024.jpg 1536w, https:\/\/elmetidosv.com\/wp-content\/uploads\/2026\/04\/fgr-3-2048x1366.jpg 2048w\" sizes=\"auto, (max-width: 1024px) 100vw, 1024px\" \/><\/figure>\n<\/figure>\n\n\n\n<p>La Fiscal\u00eda General de la Rep\u00fablica (FGR), en coordinaci\u00f3n con la Polic\u00eda Nacional Civil (PNC), ejecut\u00f3 allanamientos en dos inmuebles donde se decomisaron medicamentos sin registro sanitario y con vi\u00f1etas falsas.<br>De acuerdo con las autoridades, estos procedimientos se desarrollaron tras la captura en flagrancia de Allan Balmore M\u00e9ndez, quien fue interceptado mientras transportaba cajas de f\u00e1rmacos de dudosa procedencia.<br>Las investigaciones se\u00f1alan que estos productos eran distribuidos en tiendas y farmacias a nivel nacional, utilizando etiquetas falsificadas de laboratorios y marcas reconocidas, sin autorizaci\u00f3n para su fabricaci\u00f3n ni comercializaci\u00f3n.<\/p>\n\n\n\n<figure class=\"wp-block-gallery has-nested-images columns-default is-cropped wp-block-gallery-2 is-layout-flex wp-block-gallery-is-layout-flex\">\n<figure class=\"wp-block-image size-large\"><img loading=\"lazy\" decoding=\"async\" width=\"1024\" height=\"705\" data-id=\"26548\" src=\"https:\/\/elmetidosv.com\/wp-content\/uploads\/2026\/04\/fgr-4-1024x705.jpg\" alt=\"\" class=\"wp-image-26548\" srcset=\"https:\/\/elmetidosv.com\/wp-content\/uploads\/2026\/04\/fgr-4-1024x705.jpg 1024w, https:\/\/elmetidosv.com\/wp-content\/uploads\/2026\/04\/fgr-4-300x206.jpg 300w, https:\/\/elmetidosv.com\/wp-content\/uploads\/2026\/04\/fgr-4-768x529.jpg 768w, https:\/\/elmetidosv.com\/wp-content\/uploads\/2026\/04\/fgr-4-130x90.jpg 130w, https:\/\/elmetidosv.com\/wp-content\/uploads\/2026\/04\/fgr-4.jpg 1116w\" sizes=\"auto, (max-width: 1024px) 100vw, 1024px\" \/><\/figure>\n<\/figure>\n\n\n\n<p><br>Las autoridades advirtieron sobre los riesgos que representa el consumo de este tipo de medicamentos, ya que pueden poner en peligro la salud de la poblaci\u00f3n.<br>El caso contin\u00faa en desarrollo mientras se determina el alcance de la red de distribuci\u00f3n y posibles implicados adicionales.<\/p>\n\n\n\n<p>PUBLICIDAD <\/p>\n\n\n\n<figure class=\"wp-block-gallery has-nested-images columns-default is-cropped wp-block-gallery-3 is-layout-flex wp-block-gallery-is-layout-flex\">\n<figure class=\"wp-block-image size-large\"><img loading=\"lazy\" decoding=\"async\" width=\"1024\" height=\"1024\" data-id=\"23574\" src=\"https:\/\/elmetidosv.com\/wp-content\/uploads\/2026\/02\/santeins-2-bueno.jpeg\" alt=\"\" class=\"wp-image-23574\" srcset=\"https:\/\/elmetidosv.com\/wp-content\/uploads\/2026\/02\/santeins-2-bueno.jpeg 1024w, https:\/\/elmetidosv.com\/wp-content\/uploads\/2026\/02\/santeins-2-bueno-300x300.jpeg 300w, https:\/\/elmetidosv.com\/wp-content\/uploads\/2026\/02\/santeins-2-bueno-150x150.jpeg 150w, https:\/\/elmetidosv.com\/wp-content\/uploads\/2026\/02\/santeins-2-bueno-768x768.jpeg 768w\" sizes=\"auto, (max-width: 1024px) 100vw, 1024px\" \/><\/figure>\n<\/figure>\n","protected":false},"excerpt":{"rendered":"<p>La Fiscal\u00eda General de la Rep\u00fablica (FGR), en coordinaci\u00f3n con la Polic\u00eda Nacional Civil (PNC), ejecut\u00f3 allanamientos en dos inmuebles<\/p>\n","protected":false},"author":2,"featured_media":26546,"comment_status":"closed","ping_status":"","sticky":false,"template":"","format":"standard","meta":{"colormag_page_container_layout":"default_layout","colormag_page_sidebar_layout":"default_layout","footnotes":""},"categories":[1],"tags":[1441,96,4050,1381,31,7839,6681,363,22,2183,7360,7841,1092,85,7754,7840,887,93],"class_list":["post-26545","post","type-post","status-publish","format-standard","has-post-thumbnail","hentry","category-nacional","tag-allanamientos","tag-autoridades","tag-decomiso","tag-delito","tag-el-salvador","tag-falsificados","tag-farmacias","tag-fgr","tag-investigacion","tag-investigacion-tags-el-salvador","tag-medicamentos","tag-medicamentos-falsificados","tag-noticias","tag-pnc","tag-procedimiento","tag-productos-ilegales","tag-salud","tag-seguridad"],"_links":{"self":[{"href":"https:\/\/elmetidosv.com\/index.php?rest_route=\/wp\/v2\/posts\/26545","targetHints":{"allow":["GET"]}}],"collection":[{"href":"https:\/\/elmetidosv.com\/index.php?rest_route=\/wp\/v2\/posts"}],"about":[{"href":"https:\/\/elmetidosv.com\/index.php?rest_route=\/wp\/v2\/types\/post"}],"author":[{"embeddable":true,"href":"https:\/\/elmetidosv.com\/index.php?rest_route=\/wp\/v2\/users\/2"}],"replies":[{"embeddable":true,"href":"https:\/\/elmetidosv.com\/index.php?rest_route=%2Fwp%2Fv2%2Fcomments&post=26545"}],"version-history":[{"count":1,"href":"https:\/\/elmetidosv.com\/index.php?rest_route=\/wp\/v2\/posts\/26545\/revisions"}],"predecessor-version":[{"id":26549,"href":"https:\/\/elmetidosv.com\/index.php?rest_route=\/wp\/v2\/posts\/26545\/revisions\/26549"}],"wp:featuredmedia":[{"embeddable":true,"href":"https:\/\/elmetidosv.com\/index.php?rest_route=\/wp\/v2\/media\/26546"}],"wp:attachment":[{"href":"https:\/\/elmetidosv.com\/index.php?rest_route=%2Fwp%2Fv2%2Fmedia&parent=26545"}],"wp:term":[{"taxonomy":"category","embeddable":true,"href":"https:\/\/elmetidosv.com\/index.php?rest_route=%2Fwp%2Fv2%2Fcategories&post=26545"},{"taxonomy":"post_tag","embeddable":true,"href":"https:\/\/elmetidosv.com\/index.php?rest_route=%2Fwp%2Fv2%2Ftags&post=26545"}],"curies":[{"name":"wp","href":"https:\/\/api.w.org\/{rel}","templated":true}]}}