{"id":26536,"date":"2026-04-29T09:07:05","date_gmt":"2026-04-29T15:07:05","guid":{"rendered":"https:\/\/elmetidosv.com\/?p=26536"},"modified":"2026-04-29T09:07:05","modified_gmt":"2026-04-29T15:07:05","slug":"colocan-nuevos-relojes-en-plazas-de-chalchuapa-alcalde-anuncia-expansion-en-otros-distritos-de-sao","status":"publish","type":"post","link":"https:\/\/elmetidosv.com\/?p=26536","title":{"rendered":"COLOCAN NUEVOS RELOJES EN PLAZAS DE CHALCHUAPA; ALCALDE ANUNCIA EXPANSI\u00d3N EN OTROS DISTRITOS DE SAO"},"content":{"rendered":"\n<figure class=\"wp-block-gallery has-nested-images columns-default is-cropped wp-block-gallery-1 is-layout-flex wp-block-gallery-is-layout-flex\">\n<figure class=\"wp-block-image size-large\"><img loading=\"lazy\" decoding=\"async\" width=\"495\" height=\"316\" data-id=\"26538\" src=\"https:\/\/elmetidosv.com\/wp-content\/uploads\/2026\/04\/reloj-3.png\" alt=\"\" class=\"wp-image-26538\" srcset=\"https:\/\/elmetidosv.com\/wp-content\/uploads\/2026\/04\/reloj-3.png 495w, https:\/\/elmetidosv.com\/wp-content\/uploads\/2026\/04\/reloj-3-300x192.png 300w\" sizes=\"auto, (max-width: 495px) 100vw, 495px\" \/><\/figure>\n<\/figure>\n\n\n\n<p>El alcalde de Santa Ana Oeste, Jorge Castro, dio a conocer a trav\u00e9s de sus redes sociales un nuevo proyecto municipal que contempla la instalaci\u00f3n de relojes en plazas p\u00fablicas de distintos distritos.<\/p>\n\n\n\n<p>Las primeras estructuras ya est\u00e1n siendo colocadas en Chalchuapa, espec\u00edficamente en la v\u00eda Bethel y en la nueva Plaza El Callej\u00f3n, ubicada en las cercan\u00edas del parque Parque Jos\u00e9 Mat\u00edas Delgado.<\/p>\n\n\n\n<p>En el material compartido por el edil, se observa al personal de la comuna trabajando en la instalaci\u00f3n de las piezas que conforman estos relojes, los cuales tendr\u00e1n una altura aproximada de cuatro metros y buscan contribuir al orden y embellecimiento de los espacios p\u00fablicos.<\/p>\n\n\n\n<figure class=\"wp-block-gallery has-nested-images columns-default is-cropped wp-block-gallery-2 is-layout-flex wp-block-gallery-is-layout-flex\">\n<figure class=\"wp-block-image size-large\"><img loading=\"lazy\" decoding=\"async\" width=\"495\" height=\"316\" data-id=\"26539\" src=\"https:\/\/elmetidosv.com\/wp-content\/uploads\/2026\/04\/reloj-3-1.png\" alt=\"\" class=\"wp-image-26539\" srcset=\"https:\/\/elmetidosv.com\/wp-content\/uploads\/2026\/04\/reloj-3-1.png 495w, https:\/\/elmetidosv.com\/wp-content\/uploads\/2026\/04\/reloj-3-1-300x192.png 300w\" sizes=\"auto, (max-width: 495px) 100vw, 495px\" \/><\/figure>\n<\/figure>\n\n\n\n<p>Asimismo, Castro detall\u00f3 que este proyecto no se limitar\u00e1 a Chalchuapa, ya que tambi\u00e9n se contempla la colocaci\u00f3n de estructuras similares en Candelaria de la Frontera.<\/p>\n\n\n\n<p>\u201cEn SAO estrenamos relojes de 4 metros de altura, hechos especialmente para nosotros. Hermosos, para embellecer las ciudades. Tenemos listos relojes para Chalchuapa y Candelaria. \u00bfQuieres verlos?\u201d, expres\u00f3 el alcalde en su publicaci\u00f3n.<\/p>\n\n\n\n<p>Con esta iniciativa, la alcald\u00eda busca modernizar la imagen urbana y dotar de nuevos elementos funcionales y decorativos a los espacios de convivencia ciudadana en Santa Ana Oeste.<\/p>\n\n\n\n<p>VIDEO <\/p>\n\n\n\n<figure class=\"wp-block-embed is-type-rich is-provider-twitter wp-block-embed-twitter\"><div class=\"wp-block-embed__wrapper\">\n<blockquote class=\"twitter-tweet\" data-width=\"550\" data-dnt=\"true\"><p lang=\"es\" dir=\"ltr\">En SAO estrenamos relojes de 4 mts. de altura, hechos especialmente para nosotros.<br><br>Hermosos, para embellecer las ciudades.<br><br>Tenemos listos relojes para Chalchuapa y Candelaria.<br><br>Quieres verlos<br>\ud83d\udc47\ud83c\udffb\ud83d\udc47\ud83c\udffb\ud83d\udc47\ud83c\udffb <a href=\"https:\/\/t.co\/YZK2KiOW0K\">pic.twitter.com\/YZK2KiOW0K<\/a><\/p>&mdash; Jorge Castro (@JorgeCastro_SAO) <a href=\"https:\/\/twitter.com\/JorgeCastro_SAO\/status\/2049483116587167862?ref_src=twsrc%5Etfw\">April 29, 2026<\/a><\/blockquote><script async src=\"https:\/\/platform.twitter.com\/widgets.js\" charset=\"utf-8\"><\/script>\n<\/div><\/figure>\n","protected":false},"excerpt":{"rendered":"<p>El alcalde de Santa Ana Oeste, Jorge Castro, dio a conocer a trav\u00e9s de sus redes sociales un nuevo proyecto<\/p>\n","protected":false},"author":2,"featured_media":26537,"comment_status":"closed","ping_status":"","sticky":false,"template":"","format":"standard","meta":{"colormag_page_container_layout":"default_layout","colormag_page_sidebar_layout":"default_layout","footnotes":""},"categories":[1],"tags":[3897,2999,7835,1585,259,7833,2520,2120,3893,1092,7836,7834,6615,3894,7832,2299,7837],"class_list":["post-26536","post","type-post","status-publish","format-standard","has-post-thumbnail","hentry","category-nacional","tag-alcaldia","tag-candelaria-de-la-frontera","tag-candelaria-de-la-frontera-tags-el-salvador","tag-chalchuapa","tag-comunidad","tag-embellecimiento","tag-espacios-publicos","tag-infraestructura","tag-jorge-castro","tag-noticias","tag-plazas","tag-plazas-publicas","tag-proyecto","tag-proyecto-municipal","tag-relojes","tag-santa-ana-oeste","tag-urbanismo"],"_links":{"self":[{"href":"https:\/\/elmetidosv.com\/index.php?rest_route=\/wp\/v2\/posts\/26536","targetHints":{"allow":["GET"]}}],"collection":[{"href":"https:\/\/elmetidosv.com\/index.php?rest_route=\/wp\/v2\/posts"}],"about":[{"href":"https:\/\/elmetidosv.com\/index.php?rest_route=\/wp\/v2\/types\/post"}],"author":[{"embeddable":true,"href":"https:\/\/elmetidosv.com\/index.php?rest_route=\/wp\/v2\/users\/2"}],"replies":[{"embeddable":true,"href":"https:\/\/elmetidosv.com\/index.php?rest_route=%2Fwp%2Fv2%2Fcomments&post=26536"}],"version-history":[{"count":1,"href":"https:\/\/elmetidosv.com\/index.php?rest_route=\/wp\/v2\/posts\/26536\/revisions"}],"predecessor-version":[{"id":26540,"href":"https:\/\/elmetidosv.com\/index.php?rest_route=\/wp\/v2\/posts\/26536\/revisions\/26540"}],"wp:featuredmedia":[{"embeddable":true,"href":"https:\/\/elmetidosv.com\/index.php?rest_route=\/wp\/v2\/media\/26537"}],"wp:attachment":[{"href":"https:\/\/elmetidosv.com\/index.php?rest_route=%2Fwp%2Fv2%2Fmedia&parent=26536"}],"wp:term":[{"taxonomy":"category","embeddable":true,"href":"https:\/\/elmetidosv.com\/index.php?rest_route=%2Fwp%2Fv2%2Fcategories&post=26536"},{"taxonomy":"post_tag","embeddable":true,"href":"https:\/\/elmetidosv.com\/index.php?rest_route=%2Fwp%2Fv2%2Ftags&post=26536"}],"curies":[{"name":"wp","href":"https:\/\/api.w.org\/{rel}","templated":true}]}}