{"id":26531,"date":"2026-04-29T08:40:28","date_gmt":"2026-04-29T14:40:28","guid":{"rendered":"https:\/\/elmetidosv.com\/?p=26531"},"modified":"2026-04-29T08:40:28","modified_gmt":"2026-04-29T14:40:28","slug":"identificaron-al-motociclista-fallecido-en-el-redondel-la-ceiba-santa-ana","status":"publish","type":"post","link":"https:\/\/elmetidosv.com\/?p=26531","title":{"rendered":"IDENTIFICARON AL MOTOCICLISTA FALLECIDO EN EL REDONDEL LA CEIBA, SANTA ANA"},"content":{"rendered":"\n<figure class=\"wp-block-gallery has-nested-images columns-default is-cropped wp-block-gallery-1 is-layout-flex wp-block-gallery-is-layout-flex\">\n<figure class=\"wp-block-image size-large\"><img loading=\"lazy\" decoding=\"async\" width=\"205\" height=\"183\" data-id=\"26533\" src=\"https:\/\/elmetidosv.com\/wp-content\/uploads\/2026\/04\/moto-1.png\" alt=\"\" class=\"wp-image-26533\"\/><\/figure>\n<\/figure>\n\n\n\n<p>Autoridades confirmaron la identidad del motociclista que perdi\u00f3 la vida en un accidente de tr\u00e1nsito ocurrido ayer en las cercan\u00edas del redondel La Ceiba, en el departamento de Santa Ana.<br>La v\u00edctima fue identificada como Max Serpas, quien se vio involucrado en un percance vial que termin\u00f3 en tragedia.<\/p>\n\n\n\n<figure class=\"wp-block-gallery has-nested-images columns-default is-cropped wp-block-gallery-2 is-layout-flex wp-block-gallery-is-layout-flex\">\n<figure class=\"wp-block-image size-large\"><img loading=\"lazy\" decoding=\"async\" width=\"720\" height=\"960\" data-id=\"26534\" src=\"https:\/\/elmetidosv.com\/wp-content\/uploads\/2026\/04\/image-840134505177419.jpg\" alt=\"\" class=\"wp-image-26534\" srcset=\"https:\/\/elmetidosv.com\/wp-content\/uploads\/2026\/04\/image-840134505177419.jpg 720w, https:\/\/elmetidosv.com\/wp-content\/uploads\/2026\/04\/image-840134505177419-225x300.jpg 225w\" sizes=\"auto, (max-width: 720px) 100vw, 720px\" \/><\/figure>\n<\/figure>\n\n\n\n<p><br>De acuerdo con versiones preliminares, entre las hip\u00f3tesis del hecho se encuentra un posible derrame de aceite sobre la v\u00eda, lo que habr\u00eda provocado que el motociclista perdiera el control y colisionara contra un cami\u00f3n, falleciendo en el lugar.<br>El caso contin\u00faa bajo investigaci\u00f3n para determinar con precisi\u00f3n las causas del accidente.<br>En redes sociales, familiares, amigos y conocidos han expresado sus condolencias, mientras sus restos son velados en una funeraria de la ciudad.<\/p>\n\n\n\n<figure class=\"wp-block-gallery has-nested-images columns-default is-cropped wp-block-gallery-3 is-layout-flex wp-block-gallery-is-layout-flex\">\n<figure class=\"wp-block-image size-large\"><img loading=\"lazy\" decoding=\"async\" width=\"600\" height=\"480\" data-id=\"26048\" src=\"https:\/\/elmetidosv.com\/wp-content\/uploads\/2026\/04\/car-wash-1-2.jpg\" alt=\"\" class=\"wp-image-26048\" srcset=\"https:\/\/elmetidosv.com\/wp-content\/uploads\/2026\/04\/car-wash-1-2.jpg 600w, https:\/\/elmetidosv.com\/wp-content\/uploads\/2026\/04\/car-wash-1-2-300x240.jpg 300w\" sizes=\"auto, (max-width: 600px) 100vw, 600px\" \/><\/figure>\n<\/figure>\n","protected":false},"excerpt":{"rendered":"<p>Autoridades confirmaron la identidad del motociclista que perdi\u00f3 la vida en un accidente de tr\u00e1nsito ocurrido ayer en las cercan\u00edas<\/p>\n","protected":false},"author":2,"featured_media":26532,"comment_status":"closed","ping_status":"","sticky":false,"template":"","format":"standard","meta":{"colormag_page_container_layout":"default_layout","colormag_page_sidebar_layout":"default_layout","footnotes":""},"categories":[1],"tags":[261,96,259,7831,31,380,1633,22,2183,377,1092,7830,33,963,120,6629],"class_list":["post-26531","post","type-post","status-publish","format-standard","has-post-thumbnail","hentry","category-nacional","tag-accidente","tag-autoridades","tag-comunidad","tag-condolencias","tag-el-salvador","tag-fallecido","tag-identificacion","tag-investigacion","tag-investigacion-tags-el-salvador","tag-motociclista","tag-noticias","tag-redondel-la-ceiba","tag-santa-ana","tag-suceso","tag-transito","tag-vialidad"],"_links":{"self":[{"href":"https:\/\/elmetidosv.com\/index.php?rest_route=\/wp\/v2\/posts\/26531","targetHints":{"allow":["GET"]}}],"collection":[{"href":"https:\/\/elmetidosv.com\/index.php?rest_route=\/wp\/v2\/posts"}],"about":[{"href":"https:\/\/elmetidosv.com\/index.php?rest_route=\/wp\/v2\/types\/post"}],"author":[{"embeddable":true,"href":"https:\/\/elmetidosv.com\/index.php?rest_route=\/wp\/v2\/users\/2"}],"replies":[{"embeddable":true,"href":"https:\/\/elmetidosv.com\/index.php?rest_route=%2Fwp%2Fv2%2Fcomments&post=26531"}],"version-history":[{"count":1,"href":"https:\/\/elmetidosv.com\/index.php?rest_route=\/wp\/v2\/posts\/26531\/revisions"}],"predecessor-version":[{"id":26535,"href":"https:\/\/elmetidosv.com\/index.php?rest_route=\/wp\/v2\/posts\/26531\/revisions\/26535"}],"wp:featuredmedia":[{"embeddable":true,"href":"https:\/\/elmetidosv.com\/index.php?rest_route=\/wp\/v2\/media\/26532"}],"wp:attachment":[{"href":"https:\/\/elmetidosv.com\/index.php?rest_route=%2Fwp%2Fv2%2Fmedia&parent=26531"}],"wp:term":[{"taxonomy":"category","embeddable":true,"href":"https:\/\/elmetidosv.com\/index.php?rest_route=%2Fwp%2Fv2%2Fcategories&post=26531"},{"taxonomy":"post_tag","embeddable":true,"href":"https:\/\/elmetidosv.com\/index.php?rest_route=%2Fwp%2Fv2%2Ftags&post=26531"}],"curies":[{"name":"wp","href":"https:\/\/api.w.org\/{rel}","templated":true}]}}