{"id":26527,"date":"2026-04-28T11:44:44","date_gmt":"2026-04-28T17:44:44","guid":{"rendered":"https:\/\/elmetidosv.com\/?p=26527"},"modified":"2026-04-28T11:44:44","modified_gmt":"2026-04-28T17:44:44","slug":"dos-mujeres-llegaban-del-aeropuerto-resultaron-lesionadas-tras-fuerte-accidente-en-el-bulevar-venezuela-de-san-salvador","status":"publish","type":"post","link":"https:\/\/elmetidosv.com\/?p=26527","title":{"rendered":"DOS MUJERES LLEGABAN DEL AEROPUERTO RESULTARON LESIONADAS TRAS FUERTE ACCIDENTE EN EL BULEVAR VENEZUELA DE SAN SALVADOR"},"content":{"rendered":"\n<figure class=\"wp-block-gallery has-nested-images columns-default is-cropped wp-block-gallery-1 is-layout-flex wp-block-gallery-is-layout-flex\">\n<figure class=\"wp-block-image size-large\"><img loading=\"lazy\" decoding=\"async\" width=\"327\" height=\"169\" data-id=\"26529\" src=\"https:\/\/elmetidosv.com\/wp-content\/uploads\/2026\/04\/rastra-2.png\" alt=\"\" class=\"wp-image-26529\" srcset=\"https:\/\/elmetidosv.com\/wp-content\/uploads\/2026\/04\/rastra-2.png 327w, https:\/\/elmetidosv.com\/wp-content\/uploads\/2026\/04\/rastra-2-300x155.png 300w\" sizes=\"auto, (max-width: 327px) 100vw, 327px\" \/><\/figure>\n<\/figure>\n\n\n\n<p>Un fuerte accidente de tr\u00e1nsito se registr\u00f3 sobre el bulevar Venezuela, en las cercan\u00edas de una gasolinera, en San Salvador, dejando como resultado a dos mujeres lesionadas.<\/p>\n\n\n\n<p>De acuerdo con informaci\u00f3n preliminar, las v\u00edctimas se conduc\u00edan en un veh\u00edculo tipo Ford Focus cuando colisionaron contra una rastra utilizada para el transporte de ca\u00f1a, en un impacto que fue calificado como violento.<\/p>\n\n\n\n<p>Se inform\u00f3 que las mujeres acababan de llegar del Aeropuerto Internacional Monse\u00f1or \u00d3scar Arnulfo Romero y se dirig\u00edan hacia Soyapango al momento del percance.<\/p>\n\n\n\n<p>Equipos de emergencia atendieron a las afectadas en el lugar, mientras las autoridades realizaban la inspecci\u00f3n correspondiente para determinar las causas y responsabilidades del accidente.<\/p>\n\n\n\n<p>Este hecho se suma a una serie de incidentes registrados en esta importante v\u00eda, donde frecuentemente se reportan siniestros viales que generan lesionados y congestionamiento vehicular.<\/p>\n\n\n\n<figure class=\"wp-block-gallery has-nested-images columns-default is-cropped wp-block-gallery-2 is-layout-flex wp-block-gallery-is-layout-flex\">\n<figure class=\"wp-block-image size-large\"><img loading=\"lazy\" decoding=\"async\" width=\"600\" height=\"480\" data-id=\"25731\" src=\"https:\/\/elmetidosv.com\/wp-content\/uploads\/2026\/04\/car-wash-1-1.jpg\" alt=\"\" class=\"wp-image-25731\" srcset=\"https:\/\/elmetidosv.com\/wp-content\/uploads\/2026\/04\/car-wash-1-1.jpg 600w, https:\/\/elmetidosv.com\/wp-content\/uploads\/2026\/04\/car-wash-1-1-300x240.jpg 300w\" sizes=\"auto, (max-width: 600px) 100vw, 600px\" \/><\/figure>\n<\/figure>\n","protected":false},"excerpt":{"rendered":"<p>Un fuerte accidente de tr\u00e1nsito se registr\u00f3 sobre el bulevar Venezuela, en las cercan\u00edas de una gasolinera, en San Salvador,<\/p>\n","protected":false},"author":2,"featured_media":26528,"comment_status":"closed","ping_status":"","sticky":false,"template":"","format":"standard","meta":{"colormag_page_container_layout":"default_layout","colormag_page_sidebar_layout":"default_layout","footnotes":""},"categories":[1],"tags":[261,96,3973,5647,330,7828,3234,7829,1092,60,414,126,122,120],"class_list":["post-26527","post","type-post","status-publish","format-standard","has-post-thumbnail","hentry","category-nacional","tag-accidente","tag-autoridades","tag-bulevar-venezuela","tag-conductores","tag-emergencia","tag-ford-focus-tags-el-salvador","tag-incidente","tag-lesionadas","tag-noticias","tag-prevencion","tag-rastra","tag-san-salvador","tag-seguridad-vial","tag-transito"],"_links":{"self":[{"href":"https:\/\/elmetidosv.com\/index.php?rest_route=\/wp\/v2\/posts\/26527","targetHints":{"allow":["GET"]}}],"collection":[{"href":"https:\/\/elmetidosv.com\/index.php?rest_route=\/wp\/v2\/posts"}],"about":[{"href":"https:\/\/elmetidosv.com\/index.php?rest_route=\/wp\/v2\/types\/post"}],"author":[{"embeddable":true,"href":"https:\/\/elmetidosv.com\/index.php?rest_route=\/wp\/v2\/users\/2"}],"replies":[{"embeddable":true,"href":"https:\/\/elmetidosv.com\/index.php?rest_route=%2Fwp%2Fv2%2Fcomments&post=26527"}],"version-history":[{"count":1,"href":"https:\/\/elmetidosv.com\/index.php?rest_route=\/wp\/v2\/posts\/26527\/revisions"}],"predecessor-version":[{"id":26530,"href":"https:\/\/elmetidosv.com\/index.php?rest_route=\/wp\/v2\/posts\/26527\/revisions\/26530"}],"wp:featuredmedia":[{"embeddable":true,"href":"https:\/\/elmetidosv.com\/index.php?rest_route=\/wp\/v2\/media\/26528"}],"wp:attachment":[{"href":"https:\/\/elmetidosv.com\/index.php?rest_route=%2Fwp%2Fv2%2Fmedia&parent=26527"}],"wp:term":[{"taxonomy":"category","embeddable":true,"href":"https:\/\/elmetidosv.com\/index.php?rest_route=%2Fwp%2Fv2%2Fcategories&post=26527"},{"taxonomy":"post_tag","embeddable":true,"href":"https:\/\/elmetidosv.com\/index.php?rest_route=%2Fwp%2Fv2%2Ftags&post=26527"}],"curies":[{"name":"wp","href":"https:\/\/api.w.org\/{rel}","templated":true}]}}