{"id":26524,"date":"2026-04-28T11:26:15","date_gmt":"2026-04-28T17:26:15","guid":{"rendered":"https:\/\/elmetidosv.com\/?p=26524"},"modified":"2026-04-28T11:26:15","modified_gmt":"2026-04-28T17:26:15","slug":"prohiben-conducir-a-motociclista-ebrio-en-santa-ana-tras-condena-judicial","status":"publish","type":"post","link":"https:\/\/elmetidosv.com\/?p=26524","title":{"rendered":"PROH\u00cdBEN CONDUCIR A MOTOCICLISTA EBRIO EN SANTA ANA TRAS CONDENA JUDICIAL"},"content":{"rendered":"\n<p>El Juzgado Tercero de Paz de Santa Ana conden\u00f3 a dos a\u00f1os de prisi\u00f3n a Rony El\u00edas S. S., de 29 a\u00f1os, por el delito de conducci\u00f3n peligrosa de veh\u00edculos automotores.<br>Durante el juicio sumario, la pena fue sustituida por 96 jornadas de trabajo de utilidad p\u00fablica. Adem\u00e1s, como medida accesoria, el tribunal orden\u00f3 la suspensi\u00f3n de su licencia de conducir por un per\u00edodo de dos a\u00f1os.<br>Seg\u00fan las investigaciones, el hecho ocurri\u00f3 el 24 de enero de 2026, cuando el imputado se conduc\u00eda en motocicleta sobre el kil\u00f3metro 60 de la carretera que conecta San Salvador con Santa Ana. En ese punto, embisti\u00f3 los conos de se\u00f1alizaci\u00f3n colocados en un ret\u00e9n policial, perdi\u00f3 el control del veh\u00edculo y cay\u00f3 sobre la v\u00eda.<br>Al ser auxiliado por agentes de la Polic\u00eda Nacional Civil (PNC), se detectaron signos de ebriedad, por lo que fue sometido a una prueba de alcoholemia que arroj\u00f3 219 grados de alcohol en aliento.<br>Las autoridades reiteran el llamado a evitar conducir bajo los efectos del alcohol, debido al riesgo que representa para la seguridad vial.<\/p>\n\n\n\n<p>PUBLICIDAD <\/p>\n\n\n\n<figure class=\"wp-block-gallery has-nested-images columns-default is-cropped wp-block-gallery-1 is-layout-flex wp-block-gallery-is-layout-flex\">\n<figure class=\"wp-block-image size-large\"><img loading=\"lazy\" decoding=\"async\" width=\"1024\" height=\"1024\" data-id=\"23574\" src=\"https:\/\/elmetidosv.com\/wp-content\/uploads\/2026\/02\/santeins-2-bueno.jpeg\" alt=\"\" class=\"wp-image-23574\" srcset=\"https:\/\/elmetidosv.com\/wp-content\/uploads\/2026\/02\/santeins-2-bueno.jpeg 1024w, https:\/\/elmetidosv.com\/wp-content\/uploads\/2026\/02\/santeins-2-bueno-300x300.jpeg 300w, https:\/\/elmetidosv.com\/wp-content\/uploads\/2026\/02\/santeins-2-bueno-150x150.jpeg 150w, https:\/\/elmetidosv.com\/wp-content\/uploads\/2026\/02\/santeins-2-bueno-768x768.jpeg 768w\" sizes=\"auto, (max-width: 1024px) 100vw, 1024px\" \/><\/figure>\n<\/figure>\n","protected":false},"excerpt":{"rendered":"<p>El Juzgado Tercero de Paz de Santa Ana conden\u00f3 a dos a\u00f1os de prisi\u00f3n a Rony El\u00edas S. S., de<\/p>\n","protected":false},"author":2,"featured_media":26525,"comment_status":"closed","ping_status":"","sticky":false,"template":"","format":"standard","meta":{"colormag_page_container_layout":"default_layout","colormag_page_sidebar_layout":"default_layout","footnotes":""},"categories":[1],"tags":[7346,96,364,133,1015,31,82,7827,7826,377,1092,85,60,33,122,6617,120],"class_list":["post-26524","post","type-post","status-publish","format-standard","has-post-thumbnail","hentry","category-nacional","tag-accidente-tags-el-salvador","tag-autoridades","tag-condena","tag-conduccion-peligrosa","tag-ebriedad","tag-el-salvador","tag-justicia","tag-licencia","tag-licencia-suspendida","tag-motociclista","tag-noticias","tag-pnc","tag-prevencion","tag-santa-ana","tag-seguridad-vial","tag-suspension","tag-transito"],"_links":{"self":[{"href":"https:\/\/elmetidosv.com\/index.php?rest_route=\/wp\/v2\/posts\/26524","targetHints":{"allow":["GET"]}}],"collection":[{"href":"https:\/\/elmetidosv.com\/index.php?rest_route=\/wp\/v2\/posts"}],"about":[{"href":"https:\/\/elmetidosv.com\/index.php?rest_route=\/wp\/v2\/types\/post"}],"author":[{"embeddable":true,"href":"https:\/\/elmetidosv.com\/index.php?rest_route=\/wp\/v2\/users\/2"}],"replies":[{"embeddable":true,"href":"https:\/\/elmetidosv.com\/index.php?rest_route=%2Fwp%2Fv2%2Fcomments&post=26524"}],"version-history":[{"count":1,"href":"https:\/\/elmetidosv.com\/index.php?rest_route=\/wp\/v2\/posts\/26524\/revisions"}],"predecessor-version":[{"id":26526,"href":"https:\/\/elmetidosv.com\/index.php?rest_route=\/wp\/v2\/posts\/26524\/revisions\/26526"}],"wp:featuredmedia":[{"embeddable":true,"href":"https:\/\/elmetidosv.com\/index.php?rest_route=\/wp\/v2\/media\/26525"}],"wp:attachment":[{"href":"https:\/\/elmetidosv.com\/index.php?rest_route=%2Fwp%2Fv2%2Fmedia&parent=26524"}],"wp:term":[{"taxonomy":"category","embeddable":true,"href":"https:\/\/elmetidosv.com\/index.php?rest_route=%2Fwp%2Fv2%2Fcategories&post=26524"},{"taxonomy":"post_tag","embeddable":true,"href":"https:\/\/elmetidosv.com\/index.php?rest_route=%2Fwp%2Fv2%2Ftags&post=26524"}],"curies":[{"name":"wp","href":"https:\/\/api.w.org\/{rel}","templated":true}]}}