{"id":26520,"date":"2026-04-28T11:12:24","date_gmt":"2026-04-28T17:12:24","guid":{"rendered":"https:\/\/elmetidosv.com\/?p=26520"},"modified":"2026-04-28T11:12:24","modified_gmt":"2026-04-28T17:12:24","slug":"familia-pide-investigacion-empresarial-tras-accidente-que-dejo-un-fallecido-en-la-troncal-del-norte","status":"publish","type":"post","link":"https:\/\/elmetidosv.com\/?p=26520","title":{"rendered":"FAMILIA PIDE INVESTIGACI\u00d3N EMPRESARIAL TRAS ACCIDENTE QUE DEJ\u00d3 UN FALLECIDO EN LA TRONCAL DEL NORTE"},"content":{"rendered":"\n<figure class=\"wp-block-gallery has-nested-images columns-default is-cropped wp-block-gallery-1 is-layout-flex wp-block-gallery-is-layout-flex\">\n<figure class=\"wp-block-image size-large\"><img loading=\"lazy\" decoding=\"async\" width=\"236\" height=\"159\" data-id=\"26522\" src=\"https:\/\/elmetidosv.com\/wp-content\/uploads\/2026\/04\/kevin-2.png\" alt=\"\" class=\"wp-image-26522\"\/><\/figure>\n<\/figure>\n\n\n\n<p>Familiares de Kevin Alexander Acosta Maldonado solicitaron a las autoridades que se investigue un accidente de tr\u00e1nsito en el que el joven perdi\u00f3 la vida.<\/p>\n\n\n\n<p>De acuerdo con sus allegados, Acosta laboraba en una empresa de productos nost\u00e1lgicos y, presuntamente, habr\u00eda sido instruido para trasladar en su motocicleta a una compa\u00f1era de trabajo hasta su vivienda en Tonacatepeque.<\/p>\n\n\n\n<p>El hecho ocurri\u00f3 la noche del mi\u00e9rcoles 22 de abril de 2026, cuando ambos se desplazaban sobre la carretera Troncal del Norte. Durante el trayecto, fueron impactados por un veh\u00edculo, lo que les provoc\u00f3 lesiones de gravedad.<\/p>\n\n\n\n<p>Ambos fueron trasladados a un centro hospitalario; sin embargo, Acosta falleci\u00f3 a causa de las heridas. La otra persona involucrada result\u00f3 lesionada.<\/p>\n\n\n\n<p>Los familiares sostienen que el caso debe ser investigado a profundidad para esclarecer las circunstancias del accidente y determinar posibles responsabilidades.<\/p>\n\n\n\n<p>Hasta el momento, las autoridades no han brindado un informe oficial detallado sobre el hecho.<\/p>\n\n\n\n<figure class=\"wp-block-gallery has-nested-images columns-default is-cropped wp-block-gallery-2 is-layout-flex wp-block-gallery-is-layout-flex\">\n<figure class=\"wp-block-image size-large\"><img loading=\"lazy\" decoding=\"async\" width=\"600\" height=\"480\" data-id=\"25731\" src=\"https:\/\/elmetidosv.com\/wp-content\/uploads\/2026\/04\/car-wash-1-1.jpg\" alt=\"\" class=\"wp-image-25731\" srcset=\"https:\/\/elmetidosv.com\/wp-content\/uploads\/2026\/04\/car-wash-1-1.jpg 600w, https:\/\/elmetidosv.com\/wp-content\/uploads\/2026\/04\/car-wash-1-1-300x240.jpg 300w\" sizes=\"auto, (max-width: 600px) 100vw, 600px\" \/><\/figure>\n<\/figure>\n","protected":false},"excerpt":{"rendered":"<p>Familiares de Kevin Alexander Acosta Maldonado solicitaron a las autoridades que se investigue un accidente de tr\u00e1nsito en el que<\/p>\n","protected":false},"author":2,"featured_media":26521,"comment_status":"closed","ping_status":"","sticky":false,"template":"","format":"standard","meta":{"colormag_page_container_layout":"default_layout","colormag_page_sidebar_layout":"default_layout","footnotes":""},"categories":[1],"tags":[261,96,7722,7351,31,380,5814,22,82,1064,1092,7601,122,3070,120,492],"class_list":["post-26520","post","type-post","status-publish","format-standard","has-post-thumbnail","hentry","category-nacional","tag-accidente","tag-autoridades","tag-autoridades-tags-el-salvador","tag-caso","tag-el-salvador","tag-fallecido","tag-familia","tag-investigacion","tag-justicia","tag-motocicleta","tag-noticias","tag-responsabilidad","tag-seguridad-vial","tag-tonacatepeque","tag-transito","tag-troncal-del-norte"],"_links":{"self":[{"href":"https:\/\/elmetidosv.com\/index.php?rest_route=\/wp\/v2\/posts\/26520","targetHints":{"allow":["GET"]}}],"collection":[{"href":"https:\/\/elmetidosv.com\/index.php?rest_route=\/wp\/v2\/posts"}],"about":[{"href":"https:\/\/elmetidosv.com\/index.php?rest_route=\/wp\/v2\/types\/post"}],"author":[{"embeddable":true,"href":"https:\/\/elmetidosv.com\/index.php?rest_route=\/wp\/v2\/users\/2"}],"replies":[{"embeddable":true,"href":"https:\/\/elmetidosv.com\/index.php?rest_route=%2Fwp%2Fv2%2Fcomments&post=26520"}],"version-history":[{"count":1,"href":"https:\/\/elmetidosv.com\/index.php?rest_route=\/wp\/v2\/posts\/26520\/revisions"}],"predecessor-version":[{"id":26523,"href":"https:\/\/elmetidosv.com\/index.php?rest_route=\/wp\/v2\/posts\/26520\/revisions\/26523"}],"wp:featuredmedia":[{"embeddable":true,"href":"https:\/\/elmetidosv.com\/index.php?rest_route=\/wp\/v2\/media\/26521"}],"wp:attachment":[{"href":"https:\/\/elmetidosv.com\/index.php?rest_route=%2Fwp%2Fv2%2Fmedia&parent=26520"}],"wp:term":[{"taxonomy":"category","embeddable":true,"href":"https:\/\/elmetidosv.com\/index.php?rest_route=%2Fwp%2Fv2%2Fcategories&post=26520"},{"taxonomy":"post_tag","embeddable":true,"href":"https:\/\/elmetidosv.com\/index.php?rest_route=%2Fwp%2Fv2%2Ftags&post=26520"}],"curies":[{"name":"wp","href":"https:\/\/api.w.org\/{rel}","templated":true}]}}