{"id":26512,"date":"2026-04-28T09:35:49","date_gmt":"2026-04-28T15:35:49","guid":{"rendered":"https:\/\/elmetidosv.com\/?p=26512"},"modified":"2026-04-28T09:35:49","modified_gmt":"2026-04-28T15:35:49","slug":"capturan-en-mexico-a-el-jardinero-senalado-como-sucesor-del-mencho","status":"publish","type":"post","link":"https:\/\/elmetidosv.com\/?p=26512","title":{"rendered":"CAPTURAN EN M\u00c9XICO A \u201cEL JARDINERO\u201d, SE\u00d1ALADO COMO SUCESOR DEL \u201cMENCHO\u201d"},"content":{"rendered":"\n<figure class=\"wp-block-gallery has-nested-images columns-default is-cropped wp-block-gallery-1 is-layout-flex wp-block-gallery-is-layout-flex\">\n<figure class=\"wp-block-image size-large\"><img loading=\"lazy\" decoding=\"async\" width=\"520\" height=\"565\" data-id=\"26514\" src=\"https:\/\/elmetidosv.com\/wp-content\/uploads\/2026\/04\/jardinero-2.jpg\" alt=\"\" class=\"wp-image-26514\" srcset=\"https:\/\/elmetidosv.com\/wp-content\/uploads\/2026\/04\/jardinero-2.jpg 520w, https:\/\/elmetidosv.com\/wp-content\/uploads\/2026\/04\/jardinero-2-276x300.jpg 276w\" sizes=\"auto, (max-width: 520px) 100vw, 520px\" \/><\/figure>\n<\/figure>\n\n\n\n<p>Autoridades de M\u00e9xico confirmaron la captura de Audias Flores Silva, alias \u201cEl Jardinero\u201d, durante un operativo encabezado por la Secretar\u00eda de Marina.<\/p>\n\n\n\n<p>El secretario de Seguridad, Omar Garc\u00eda Harfuch, inform\u00f3 que el detenido era considerado uno de los principales l\u00edderes del C\u00e1rtel Jalisco Nueva Generaci\u00f3n (CJNG) y se\u00f1alado como posible sucesor de Nemesio Oseguera Cervantes.<\/p>\n\n\n\n<p>De acuerdo con los reportes, Flores Silva cuenta con una orden de extradici\u00f3n hacia Estados Unidos, donde es requerido por delitos relacionados con conspiraci\u00f3n para el tr\u00e1fico de drogas a gran escala y uso de armas de fuego.<\/p>\n\n\n\n<p>Las autoridades indicaron que la detenci\u00f3n representa un golpe relevante a la estructura de mando del CJNG, especialmente en la regi\u00f3n del Pac\u00edfico, donde el sospechoso presuntamente coordinaba operaciones como laboratorios clandestinos y rutas de distribuci\u00f3n internacional.<\/p>\n\n\n\n<p>El caso contin\u00faa en desarrollo mientras avanzan los procesos judiciales y las gestiones de extradici\u00f3n correspondientes.<\/p>\n\n\n\n<p>PUBLICIDAD <\/p>\n\n\n\n<figure class=\"wp-block-gallery has-nested-images columns-default is-cropped wp-block-gallery-2 is-layout-flex wp-block-gallery-is-layout-flex\">\n<figure class=\"wp-block-image size-large\"><img loading=\"lazy\" decoding=\"async\" width=\"600\" height=\"480\" data-id=\"25731\" src=\"https:\/\/elmetidosv.com\/wp-content\/uploads\/2026\/04\/car-wash-1-1.jpg\" alt=\"\" class=\"wp-image-25731\" srcset=\"https:\/\/elmetidosv.com\/wp-content\/uploads\/2026\/04\/car-wash-1-1.jpg 600w, https:\/\/elmetidosv.com\/wp-content\/uploads\/2026\/04\/car-wash-1-1-300x240.jpg 300w\" sizes=\"auto, (max-width: 600px) 100vw, 600px\" \/><\/figure>\n<\/figure>\n","protected":false},"excerpt":{"rendered":"<p>Autoridades de M\u00e9xico confirmaron la captura de Audias Flores Silva, alias \u201cEl Jardinero\u201d, durante un operativo encabezado por la Secretar\u00eda<\/p>\n","protected":false},"author":2,"featured_media":26513,"comment_status":"closed","ping_status":"","sticky":false,"template":"","format":"standard","meta":{"colormag_page_container_layout":"default_layout","colormag_page_sidebar_layout":"default_layout","footnotes":""},"categories":[3],"tags":[96,168,3588,450,7823,7825,19,1674,82,162,594,29,7822,3411,7824,93],"class_list":["post-26512","post","type-post","status-publish","format-standard","has-post-thumbnail","hentry","category-internacional","tag-autoridades","tag-captura","tag-cjng","tag-crimen-organizado","tag-el-jardinero","tag-el-mencho-tags-mexico","tag-estados-unidos","tag-extradicion","tag-justicia","tag-mexico","tag-narcotrafico","tag-noticias-internacionales","tag-omar-garcia-harfuch","tag-operativo","tag-secretaria-de-marina","tag-seguridad"],"_links":{"self":[{"href":"https:\/\/elmetidosv.com\/index.php?rest_route=\/wp\/v2\/posts\/26512","targetHints":{"allow":["GET"]}}],"collection":[{"href":"https:\/\/elmetidosv.com\/index.php?rest_route=\/wp\/v2\/posts"}],"about":[{"href":"https:\/\/elmetidosv.com\/index.php?rest_route=\/wp\/v2\/types\/post"}],"author":[{"embeddable":true,"href":"https:\/\/elmetidosv.com\/index.php?rest_route=\/wp\/v2\/users\/2"}],"replies":[{"embeddable":true,"href":"https:\/\/elmetidosv.com\/index.php?rest_route=%2Fwp%2Fv2%2Fcomments&post=26512"}],"version-history":[{"count":1,"href":"https:\/\/elmetidosv.com\/index.php?rest_route=\/wp\/v2\/posts\/26512\/revisions"}],"predecessor-version":[{"id":26515,"href":"https:\/\/elmetidosv.com\/index.php?rest_route=\/wp\/v2\/posts\/26512\/revisions\/26515"}],"wp:featuredmedia":[{"embeddable":true,"href":"https:\/\/elmetidosv.com\/index.php?rest_route=\/wp\/v2\/media\/26513"}],"wp:attachment":[{"href":"https:\/\/elmetidosv.com\/index.php?rest_route=%2Fwp%2Fv2%2Fmedia&parent=26512"}],"wp:term":[{"taxonomy":"category","embeddable":true,"href":"https:\/\/elmetidosv.com\/index.php?rest_route=%2Fwp%2Fv2%2Fcategories&post=26512"},{"taxonomy":"post_tag","embeddable":true,"href":"https:\/\/elmetidosv.com\/index.php?rest_route=%2Fwp%2Fv2%2Ftags&post=26512"}],"curies":[{"name":"wp","href":"https:\/\/api.w.org\/{rel}","templated":true}]}}