{"id":26505,"date":"2026-04-28T09:10:15","date_gmt":"2026-04-28T15:10:15","guid":{"rendered":"https:\/\/elmetidosv.com\/?p=26505"},"modified":"2026-04-28T09:10:15","modified_gmt":"2026-04-28T15:10:15","slug":"persona-fallece-tras-ser-atropellada-por-un-bus-en-mejicanos","status":"publish","type":"post","link":"https:\/\/elmetidosv.com\/?p=26505","title":{"rendered":"PERSONA FALLECE TRAS SER ATROPELLADA POR UN BU\u0301S EN MEJICANOS"},"content":{"rendered":"\n<figure class=\"wp-block-gallery has-nested-images columns-default is-cropped wp-block-gallery-1 is-layout-flex wp-block-gallery-is-layout-flex\">\n<figure class=\"wp-block-image size-large\"><img loading=\"lazy\" decoding=\"async\" width=\"1024\" height=\"576\" data-id=\"26507\" src=\"https:\/\/elmetidosv.com\/wp-content\/uploads\/2026\/04\/meji-1-1024x576.jpg\" alt=\"\" class=\"wp-image-26507\" srcset=\"https:\/\/elmetidosv.com\/wp-content\/uploads\/2026\/04\/meji-1-1024x576.jpg 1024w, https:\/\/elmetidosv.com\/wp-content\/uploads\/2026\/04\/meji-1-300x169.jpg 300w, https:\/\/elmetidosv.com\/wp-content\/uploads\/2026\/04\/meji-1-768x432.jpg 768w, https:\/\/elmetidosv.com\/wp-content\/uploads\/2026\/04\/meji-1-1536x864.jpg 1536w, https:\/\/elmetidosv.com\/wp-content\/uploads\/2026\/04\/meji-1.jpg 1599w\" sizes=\"auto, (max-width: 1024px) 100vw, 1024px\" \/><\/figure>\n<\/figure>\n\n\n\n<p>Una persona perdi\u00f3 la vida tras ser atropellada por un b\u00fas de la ruta 23 en el centro de Mejicanos.<\/p>\n\n\n\n<p>El hecho ocurri\u00f3 en la intersecci\u00f3n de la 1\u00aa calle oriente y 1\u00aa avenida norte, donde, por causas que a\u00fan se investigan, la v\u00edctima qued\u00f3 atrapada en el sistema mec\u00e1nico (card\u00e1n) de la unidad de transporte colectivo, con placas MB1-565.<\/p>\n\n\n\n<p>El incidente gener\u00f3 alarma entre transe\u00fantes y conductores que se encontraban en la zona al momento del percance.<\/p>\n\n\n\n<p>Cuerpos de socorro acudieron al lugar y, tras evaluar la situaci\u00f3n, confirmaron que la persona ya no presentaba signos vitales.<\/p>\n\n\n\n<p>Las autoridades correspondientes han iniciado las investigaciones para esclarecer las circunstancias del hecho y determinar responsabilidades.<\/p>\n\n\n\n<figure class=\"wp-block-gallery has-nested-images columns-default is-cropped wp-block-gallery-2 is-layout-flex wp-block-gallery-is-layout-flex\">\n<figure class=\"wp-block-image size-large\"><img loading=\"lazy\" decoding=\"async\" width=\"600\" height=\"480\" data-id=\"25731\" src=\"https:\/\/elmetidosv.com\/wp-content\/uploads\/2026\/04\/car-wash-1-1.jpg\" alt=\"\" class=\"wp-image-25731\" srcset=\"https:\/\/elmetidosv.com\/wp-content\/uploads\/2026\/04\/car-wash-1-1.jpg 600w, https:\/\/elmetidosv.com\/wp-content\/uploads\/2026\/04\/car-wash-1-1-300x240.jpg 300w\" sizes=\"auto, (max-width: 600px) 100vw, 600px\" \/><\/figure>\n<\/figure>\n","protected":false},"excerpt":{"rendered":"<p>Una persona perdi\u00f3 la vida tras ser atropellada por un b\u00fas de la ruta 23 en el centro de Mejicanos.<\/p>\n","protected":false},"author":2,"featured_media":26506,"comment_status":"closed","ping_status":"","sticky":false,"template":"","format":"standard","meta":{"colormag_page_container_layout":"default_layout","colormag_page_sidebar_layout":"default_layout","footnotes":""},"categories":[1],"tags":[261,899,96,5647,31,330,7194,380,3234,22,545,1411,1092,122,120,558],"class_list":["post-26505","post","type-post","status-publish","format-standard","has-post-thumbnail","hentry","category-nacional","tag-accidente","tag-atropello","tag-autoridades","tag-conductores","tag-el-salvador","tag-emergencia","tag-emergencia-tags-el-salvador","tag-fallecido","tag-incidente","tag-investigacion","tag-mejicanos","tag-microbus","tag-noticias","tag-seguridad-vial","tag-transito","tag-transporte-colectivo"],"_links":{"self":[{"href":"https:\/\/elmetidosv.com\/index.php?rest_route=\/wp\/v2\/posts\/26505","targetHints":{"allow":["GET"]}}],"collection":[{"href":"https:\/\/elmetidosv.com\/index.php?rest_route=\/wp\/v2\/posts"}],"about":[{"href":"https:\/\/elmetidosv.com\/index.php?rest_route=\/wp\/v2\/types\/post"}],"author":[{"embeddable":true,"href":"https:\/\/elmetidosv.com\/index.php?rest_route=\/wp\/v2\/users\/2"}],"replies":[{"embeddable":true,"href":"https:\/\/elmetidosv.com\/index.php?rest_route=%2Fwp%2Fv2%2Fcomments&post=26505"}],"version-history":[{"count":1,"href":"https:\/\/elmetidosv.com\/index.php?rest_route=\/wp\/v2\/posts\/26505\/revisions"}],"predecessor-version":[{"id":26508,"href":"https:\/\/elmetidosv.com\/index.php?rest_route=\/wp\/v2\/posts\/26505\/revisions\/26508"}],"wp:featuredmedia":[{"embeddable":true,"href":"https:\/\/elmetidosv.com\/index.php?rest_route=\/wp\/v2\/media\/26506"}],"wp:attachment":[{"href":"https:\/\/elmetidosv.com\/index.php?rest_route=%2Fwp%2Fv2%2Fmedia&parent=26505"}],"wp:term":[{"taxonomy":"category","embeddable":true,"href":"https:\/\/elmetidosv.com\/index.php?rest_route=%2Fwp%2Fv2%2Fcategories&post=26505"},{"taxonomy":"post_tag","embeddable":true,"href":"https:\/\/elmetidosv.com\/index.php?rest_route=%2Fwp%2Fv2%2Ftags&post=26505"}],"curies":[{"name":"wp","href":"https:\/\/api.w.org\/{rel}","templated":true}]}}