{"id":26500,"date":"2026-04-28T08:55:28","date_gmt":"2026-04-28T14:55:28","guid":{"rendered":"https:\/\/elmetidosv.com\/?p=26500"},"modified":"2026-04-28T08:55:28","modified_gmt":"2026-04-28T14:55:28","slug":"una-corriente-marina-arrastro-a-veraneantes-y-dejo-a-un-adolescente-desaparecido-en-la-libertad","status":"publish","type":"post","link":"https:\/\/elmetidosv.com\/?p=26500","title":{"rendered":"UNA CORRIENTE MARINA ARRASTR\u00d3 A VERANEANTES Y DEJ\u00d3 A UN ADOLESCENTE DESAPARECIDO EN LA LIBERTAD"},"content":{"rendered":"\n<figure class=\"wp-block-gallery has-nested-images columns-default is-cropped wp-block-gallery-1 is-layout-flex wp-block-gallery-is-layout-flex\">\n<figure class=\"wp-block-image size-large\"><img loading=\"lazy\" decoding=\"async\" width=\"775\" height=\"520\" data-id=\"26502\" src=\"https:\/\/elmetidosv.com\/wp-content\/uploads\/2026\/04\/SAN-BLAS-2.png\" alt=\"\" class=\"wp-image-26502\" srcset=\"https:\/\/elmetidosv.com\/wp-content\/uploads\/2026\/04\/SAN-BLAS-2.png 775w, https:\/\/elmetidosv.com\/wp-content\/uploads\/2026\/04\/SAN-BLAS-2-300x201.png 300w, https:\/\/elmetidosv.com\/wp-content\/uploads\/2026\/04\/SAN-BLAS-2-768x515.png 768w\" sizes=\"auto, (max-width: 775px) 100vw, 775px\" \/><\/figure>\n<\/figure>\n\n\n\n<p>Una emergencia se registr\u00f3 en la Playa San Blas, donde cinco veraneantes fueron arrastrados por una fuerte corriente marina mientras se encontraban en el agua.<\/p>\n\n\n\n<p>Las personas afectadas son originarias de Ilopango, espec\u00edficamente del sector de San Bartolo. Seg\u00fan el informe, tres lograron ser rescatadas con vida, mientras que una m\u00e1s fue trasladada a un centro asistencial tras presentar s\u00edntomas por ingesta de agua.<\/p>\n\n\n\n<figure class=\"wp-block-gallery has-nested-images columns-default is-cropped wp-block-gallery-2 is-layout-flex wp-block-gallery-is-layout-flex\">\n<figure class=\"wp-block-image size-large\"><img loading=\"lazy\" decoding=\"async\" width=\"788\" height=\"566\" data-id=\"26503\" src=\"https:\/\/elmetidosv.com\/wp-content\/uploads\/2026\/04\/SAN-BLAS-3.png\" alt=\"\" class=\"wp-image-26503\" srcset=\"https:\/\/elmetidosv.com\/wp-content\/uploads\/2026\/04\/SAN-BLAS-3.png 788w, https:\/\/elmetidosv.com\/wp-content\/uploads\/2026\/04\/SAN-BLAS-3-300x215.png 300w, https:\/\/elmetidosv.com\/wp-content\/uploads\/2026\/04\/SAN-BLAS-3-768x552.png 768w\" sizes=\"auto, (max-width: 788px) 100vw, 788px\" \/><\/figure>\n<\/figure>\n\n\n\n<p><\/p>\n\n\n\n<p>Socorristas de Cruz Verde Salvadore\u00f1a, seccional Majahual, participaron en las labores de rescate y atenci\u00f3n de las v\u00edctimas.<\/p>\n\n\n\n<p>Sin embargo, un adolescente de 15 a\u00f1os contin\u00faa desaparecido, por lo que las autoridades mantienen un operativo de b\u00fasqueda en la zona.<\/p>\n\n\n\n<p>Ante esta situaci\u00f3n, los cuerpos de socorro hicieron un llamado urgente a la poblaci\u00f3n a extremar precauciones al ingresar al mar, debido al riesgo que representan las corrientes de retorno.<\/p>\n\n\n\n<figure class=\"wp-block-gallery has-nested-images columns-default is-cropped wp-block-gallery-3 is-layout-flex wp-block-gallery-is-layout-flex\">\n<figure class=\"wp-block-image size-large\"><img loading=\"lazy\" decoding=\"async\" width=\"600\" height=\"480\" data-id=\"26048\" src=\"https:\/\/elmetidosv.com\/wp-content\/uploads\/2026\/04\/car-wash-1-2.jpg\" alt=\"\" class=\"wp-image-26048\" srcset=\"https:\/\/elmetidosv.com\/wp-content\/uploads\/2026\/04\/car-wash-1-2.jpg 600w, https:\/\/elmetidosv.com\/wp-content\/uploads\/2026\/04\/car-wash-1-2-300x240.jpg 300w\" sizes=\"auto, (max-width: 600px) 100vw, 600px\" \/><\/figure>\n<\/figure>\n","protected":false},"excerpt":{"rendered":"<p>Una emergencia se registr\u00f3 en la Playa San Blas, donde cinco veraneantes fueron arrastrados por una fuerte corriente marina mientras<\/p>\n","protected":false},"author":2,"featured_media":26501,"comment_status":"closed","ping_status":"","sticky":false,"template":"","format":"standard","meta":{"colormag_page_container_layout":"default_layout","colormag_page_sidebar_layout":"default_layout","footnotes":""},"categories":[1],"tags":[3499,7814,96,770,7815,6868,149,6271,31,330,115,3927,1092,7812,60,382,7813],"class_list":["post-26500","post","type-post","status-publish","format-standard","has-post-thumbnail","hentry","category-nacional","tag-adolescente","tag-adolescente-tags-el-salvador","tag-autoridades","tag-busqueda","tag-corriente","tag-corriente-marina","tag-cruz-verde","tag-desaparecido","tag-el-salvador","tag-emergencia","tag-la-libertad","tag-mar","tag-noticias","tag-playa-san-blas","tag-prevencion","tag-rescate","tag-veraneantes"],"_links":{"self":[{"href":"https:\/\/elmetidosv.com\/index.php?rest_route=\/wp\/v2\/posts\/26500","targetHints":{"allow":["GET"]}}],"collection":[{"href":"https:\/\/elmetidosv.com\/index.php?rest_route=\/wp\/v2\/posts"}],"about":[{"href":"https:\/\/elmetidosv.com\/index.php?rest_route=\/wp\/v2\/types\/post"}],"author":[{"embeddable":true,"href":"https:\/\/elmetidosv.com\/index.php?rest_route=\/wp\/v2\/users\/2"}],"replies":[{"embeddable":true,"href":"https:\/\/elmetidosv.com\/index.php?rest_route=%2Fwp%2Fv2%2Fcomments&post=26500"}],"version-history":[{"count":1,"href":"https:\/\/elmetidosv.com\/index.php?rest_route=\/wp\/v2\/posts\/26500\/revisions"}],"predecessor-version":[{"id":26504,"href":"https:\/\/elmetidosv.com\/index.php?rest_route=\/wp\/v2\/posts\/26500\/revisions\/26504"}],"wp:featuredmedia":[{"embeddable":true,"href":"https:\/\/elmetidosv.com\/index.php?rest_route=\/wp\/v2\/media\/26501"}],"wp:attachment":[{"href":"https:\/\/elmetidosv.com\/index.php?rest_route=%2Fwp%2Fv2%2Fmedia&parent=26500"}],"wp:term":[{"taxonomy":"category","embeddable":true,"href":"https:\/\/elmetidosv.com\/index.php?rest_route=%2Fwp%2Fv2%2Fcategories&post=26500"},{"taxonomy":"post_tag","embeddable":true,"href":"https:\/\/elmetidosv.com\/index.php?rest_route=%2Fwp%2Fv2%2Ftags&post=26500"}],"curies":[{"name":"wp","href":"https:\/\/api.w.org\/{rel}","templated":true}]}}