{"id":26496,"date":"2026-04-28T08:44:25","date_gmt":"2026-04-28T14:44:25","guid":{"rendered":"https:\/\/elmetidosv.com\/?p=26496"},"modified":"2026-04-28T08:49:11","modified_gmt":"2026-04-28T14:49:11","slug":"condenaron-a-los-integrantes-de-barra-del-alianza-fc-por-desordenes-publicos","status":"publish","type":"post","link":"https:\/\/elmetidosv.com\/?p=26496","title":{"rendered":"CONDENARON A LOS INTEGRANTES DE BARRA DEL ALIANZA FC POR DES\u00d3RDENES P\u00daBLICOS"},"content":{"rendered":"\n<p>El \u00d3rgano Judicial inform\u00f3 que el Juzgado de Instrucci\u00f3n de San Juan Opico, en San Juan Opico, dict\u00f3 condena contra 12 integrantes de la barra brava del Alianza F\u00fatbol Club, tras ser declarados culpables del delito de des\u00f3rdenes p\u00fablicos agravados.<\/p>\n\n\n\n<p>La resoluci\u00f3n se emiti\u00f3 mediante un procedimiento abreviado, luego de que los imputados aceptaran los cargos. El tribunal impuso una pena de dos a\u00f1os de prisi\u00f3n, la cual fue sustituida por trabajo de utilidad p\u00fablica, ordenando as\u00ed la libertad de los condenados bajo supervisi\u00f3n judicial.<\/p>\n\n\n\n<p>Los implicados deber\u00e1n cumplir labores comunitarias bajo el control del Juzgado de Vigilancia Penitenciaria de Santa Tecla.<\/p>\n\n\n\n<p>Los hechos ocurrieron el 25 de octubre de 2025, cuando una ri\u00f1a entre aficionados deriv\u00f3 en un ataque contra un autob\u00fas que transportaba seguidores del Club Deportivo FAS, en el paso a desnivel del desv\u00edo de Opico. El incidente dej\u00f3 da\u00f1os materiales y varias personas lesionadas.<\/p>\n\n\n\n<p>Por estos \u00faltimos delitos, los implicados ya hab\u00edan conciliado previamente mediante indemnizaciones econ\u00f3micas. En tanto, la situaci\u00f3n de otros dos procesados ser\u00e1 definida en una audiencia programada para el 4 de mayo de 2026.<\/p>\n\n\n\n<figure class=\"wp-block-gallery has-nested-images columns-default is-cropped wp-block-gallery-1 is-layout-flex wp-block-gallery-is-layout-flex\">\n<figure class=\"wp-block-image size-large\"><img loading=\"lazy\" decoding=\"async\" width=\"600\" height=\"480\" data-id=\"26048\" src=\"https:\/\/elmetidosv.com\/wp-content\/uploads\/2026\/04\/car-wash-1-2.jpg\" alt=\"\" class=\"wp-image-26048\" srcset=\"https:\/\/elmetidosv.com\/wp-content\/uploads\/2026\/04\/car-wash-1-2.jpg 600w, https:\/\/elmetidosv.com\/wp-content\/uploads\/2026\/04\/car-wash-1-2-300x240.jpg 300w\" sizes=\"auto, (max-width: 600px) 100vw, 600px\" \/><\/figure>\n<\/figure>\n","protected":false},"excerpt":{"rendered":"<p>El \u00d3rgano Judicial inform\u00f3 que el Juzgado de Instrucci\u00f3n de San Juan Opico, en San Juan Opico, dict\u00f3 condena contra<\/p>\n","protected":false},"author":2,"featured_media":26497,"comment_status":"closed","ping_status":"","sticky":false,"template":"","format":"standard","meta":{"colormag_page_container_layout":"default_layout","colormag_page_sidebar_layout":"default_layout","footnotes":""},"categories":[1],"tags":[2109,7811,7809,96,7810,364,3472,31,6451,2635,82,1092,1060,444,1382,216],"class_list":["post-26496","post","type-post","status-publish","format-standard","has-post-thumbnail","hentry","category-nacional","tag-aficionados","tag-aficionados-tags-el-salvador","tag-alianza-fc","tag-autoridades","tag-barra-brava","tag-condena","tag-desordenes-publicos","tag-el-salvador","tag-fas","tag-futbol","tag-justicia","tag-noticias","tag-san-juan-opico","tag-santa-tecla","tag-tribunal","tag-violencia"],"_links":{"self":[{"href":"https:\/\/elmetidosv.com\/index.php?rest_route=\/wp\/v2\/posts\/26496","targetHints":{"allow":["GET"]}}],"collection":[{"href":"https:\/\/elmetidosv.com\/index.php?rest_route=\/wp\/v2\/posts"}],"about":[{"href":"https:\/\/elmetidosv.com\/index.php?rest_route=\/wp\/v2\/types\/post"}],"author":[{"embeddable":true,"href":"https:\/\/elmetidosv.com\/index.php?rest_route=\/wp\/v2\/users\/2"}],"replies":[{"embeddable":true,"href":"https:\/\/elmetidosv.com\/index.php?rest_route=%2Fwp%2Fv2%2Fcomments&post=26496"}],"version-history":[{"count":2,"href":"https:\/\/elmetidosv.com\/index.php?rest_route=\/wp\/v2\/posts\/26496\/revisions"}],"predecessor-version":[{"id":26499,"href":"https:\/\/elmetidosv.com\/index.php?rest_route=\/wp\/v2\/posts\/26496\/revisions\/26499"}],"wp:featuredmedia":[{"embeddable":true,"href":"https:\/\/elmetidosv.com\/index.php?rest_route=\/wp\/v2\/media\/26497"}],"wp:attachment":[{"href":"https:\/\/elmetidosv.com\/index.php?rest_route=%2Fwp%2Fv2%2Fmedia&parent=26496"}],"wp:term":[{"taxonomy":"category","embeddable":true,"href":"https:\/\/elmetidosv.com\/index.php?rest_route=%2Fwp%2Fv2%2Fcategories&post=26496"},{"taxonomy":"post_tag","embeddable":true,"href":"https:\/\/elmetidosv.com\/index.php?rest_route=%2Fwp%2Fv2%2Ftags&post=26496"}],"curies":[{"name":"wp","href":"https:\/\/api.w.org\/{rel}","templated":true}]}}