{"id":26491,"date":"2026-04-28T08:34:33","date_gmt":"2026-04-28T14:34:33","guid":{"rendered":"https:\/\/elmetidosv.com\/?p=26491"},"modified":"2026-04-28T08:35:19","modified_gmt":"2026-04-28T14:35:19","slug":"motociclista-pierde-la-vida-en-accidente-en-santa-ana","status":"publish","type":"post","link":"https:\/\/elmetidosv.com\/?p=26491","title":{"rendered":"MOTOCICLISTA PIERDE LA VIDA EN ACCIDENTE EN SANTA ANA"},"content":{"rendered":"\n<figure class=\"wp-block-gallery has-nested-images columns-default is-cropped wp-block-gallery-1 is-layout-flex wp-block-gallery-is-layout-flex\">\n<figure class=\"wp-block-image size-large\"><img loading=\"lazy\" decoding=\"async\" width=\"767\" height=\"1024\" data-id=\"26493\" src=\"https:\/\/elmetidosv.com\/wp-content\/uploads\/2026\/04\/moto-2-3-767x1024.jpg\" alt=\"\" class=\"wp-image-26493\" srcset=\"https:\/\/elmetidosv.com\/wp-content\/uploads\/2026\/04\/moto-2-3-767x1024.jpg 767w, https:\/\/elmetidosv.com\/wp-content\/uploads\/2026\/04\/moto-2-3-225x300.jpg 225w, https:\/\/elmetidosv.com\/wp-content\/uploads\/2026\/04\/moto-2-3-768x1026.jpg 768w, https:\/\/elmetidosv.com\/wp-content\/uploads\/2026\/04\/moto-2-3-1150x1536.jpg 1150w, https:\/\/elmetidosv.com\/wp-content\/uploads\/2026\/04\/moto-2-3.jpg 1198w\" sizes=\"auto, (max-width: 767px) 100vw, 767px\" \/><\/figure>\n<\/figure>\n\n\n\n<p>Un motociclista falleci\u00f3 tras verse involucrado en un accidente de tr\u00e1nsito en las cercan\u00edas del redondel de La Ceiba, en el desv\u00edo hacia Sonsonate, en el departamento de Santa Ana.<\/p>\n\n\n\n<p>Al lugar acudieron gestores de tr\u00e1fico y socorristas, quienes al evaluar a la v\u00edctima confirmaron que ya no presentaba signos vitales.<\/p>\n\n\n\n<p>Por el momento, no se han brindado mayores detalles sobre las causas que originaron el percance. Las autoridades correspondientes ser\u00e1n las encargadas de realizar las investigaciones para esclarecer lo ocurrido.<\/p>\n\n\n\n<p>Este hecho se suma a las cifras registradas por el Observatorio Nacional de Seguridad Vial de El Salvador, que reporta al menos 477 personas fallecidas en accidentes de tr\u00e1nsito en lo que va del a\u00f1o.<\/p>\n\n\n\n<p>La situaci\u00f3n ha generado preocupaci\u00f3n, especialmente en el departamento de Santa Ana, donde se han registrado m\u00faltiples incidentes viales que han dejado luto en diversas familias.<\/p>\n\n\n\n<p>Las autoridades reiteran el llamado a conducir con responsabilidad y respetar las normas de tr\u00e1nsito para prevenir este tipo de tragedias.<\/p>\n\n\n\n<figure class=\"wp-block-gallery has-nested-images columns-default is-cropped wp-block-gallery-2 is-layout-flex wp-block-gallery-is-layout-flex\">\n<figure class=\"wp-block-image size-large\"><img loading=\"lazy\" decoding=\"async\" width=\"600\" height=\"480\" data-id=\"25731\" src=\"https:\/\/elmetidosv.com\/wp-content\/uploads\/2026\/04\/car-wash-1-1.jpg\" alt=\"\" class=\"wp-image-25731\" srcset=\"https:\/\/elmetidosv.com\/wp-content\/uploads\/2026\/04\/car-wash-1-1.jpg 600w, https:\/\/elmetidosv.com\/wp-content\/uploads\/2026\/04\/car-wash-1-1-300x240.jpg 300w\" sizes=\"auto, (max-width: 600px) 100vw, 600px\" \/><\/figure>\n<\/figure>\n","protected":false},"excerpt":{"rendered":"<p>Un motociclista falleci\u00f3 tras verse involucrado en un accidente de tr\u00e1nsito en las cercan\u00edas del redondel de La Ceiba, en<\/p>\n","protected":false},"author":2,"featured_media":26492,"comment_status":"closed","ping_status":"","sticky":false,"template":"","format":"standard","meta":{"colormag_page_container_layout":"default_layout","colormag_page_sidebar_layout":"default_layout","footnotes":""},"categories":[1],"tags":[261,96,5647,31,330,6898,380,377,1092,60,7808,33,122,219,120,6629],"class_list":["post-26491","post","type-post","status-publish","format-standard","has-post-thumbnail","hentry","category-nacional","tag-accidente","tag-autoridades","tag-conductores","tag-el-salvador","tag-emergencia","tag-estadisticas","tag-fallecido","tag-motociclista","tag-noticias","tag-prevencion","tag-redondel-la-ceiba-tags-el-salvador","tag-santa-ana","tag-seguridad-vial","tag-sonsonate","tag-transito","tag-vialidad"],"_links":{"self":[{"href":"https:\/\/elmetidosv.com\/index.php?rest_route=\/wp\/v2\/posts\/26491","targetHints":{"allow":["GET"]}}],"collection":[{"href":"https:\/\/elmetidosv.com\/index.php?rest_route=\/wp\/v2\/posts"}],"about":[{"href":"https:\/\/elmetidosv.com\/index.php?rest_route=\/wp\/v2\/types\/post"}],"author":[{"embeddable":true,"href":"https:\/\/elmetidosv.com\/index.php?rest_route=\/wp\/v2\/users\/2"}],"replies":[{"embeddable":true,"href":"https:\/\/elmetidosv.com\/index.php?rest_route=%2Fwp%2Fv2%2Fcomments&post=26491"}],"version-history":[{"count":2,"href":"https:\/\/elmetidosv.com\/index.php?rest_route=\/wp\/v2\/posts\/26491\/revisions"}],"predecessor-version":[{"id":26495,"href":"https:\/\/elmetidosv.com\/index.php?rest_route=\/wp\/v2\/posts\/26491\/revisions\/26495"}],"wp:featuredmedia":[{"embeddable":true,"href":"https:\/\/elmetidosv.com\/index.php?rest_route=\/wp\/v2\/media\/26492"}],"wp:attachment":[{"href":"https:\/\/elmetidosv.com\/index.php?rest_route=%2Fwp%2Fv2%2Fmedia&parent=26491"}],"wp:term":[{"taxonomy":"category","embeddable":true,"href":"https:\/\/elmetidosv.com\/index.php?rest_route=%2Fwp%2Fv2%2Fcategories&post=26491"},{"taxonomy":"post_tag","embeddable":true,"href":"https:\/\/elmetidosv.com\/index.php?rest_route=%2Fwp%2Fv2%2Ftags&post=26491"}],"curies":[{"name":"wp","href":"https:\/\/api.w.org\/{rel}","templated":true}]}}