{"id":26487,"date":"2026-04-27T15:16:35","date_gmt":"2026-04-27T21:16:35","guid":{"rendered":"https:\/\/elmetidosv.com\/?p=26487"},"modified":"2026-04-27T15:16:35","modified_gmt":"2026-04-27T21:16:35","slug":"asesinan-a-periodista-en-san-cristobal-verapaz-guatemala","status":"publish","type":"post","link":"https:\/\/elmetidosv.com\/?p=26487","title":{"rendered":"ASESINAN A PERIODISTA EN SAN CRIST\u00d3BAL VERAPAZ, GUATEMALA"},"content":{"rendered":"\n<figure class=\"wp-block-gallery has-nested-images columns-default is-cropped wp-block-gallery-1 is-layout-flex wp-block-gallery-is-layout-flex\">\n<figure class=\"wp-block-image size-large\"><img loading=\"lazy\" decoding=\"async\" width=\"819\" height=\"1024\" data-id=\"26489\" src=\"https:\/\/elmetidosv.com\/wp-content\/uploads\/2026\/04\/guate-2-2-819x1024.jpg\" alt=\"\" class=\"wp-image-26489\" srcset=\"https:\/\/elmetidosv.com\/wp-content\/uploads\/2026\/04\/guate-2-2-819x1024.jpg 819w, https:\/\/elmetidosv.com\/wp-content\/uploads\/2026\/04\/guate-2-2-240x300.jpg 240w, https:\/\/elmetidosv.com\/wp-content\/uploads\/2026\/04\/guate-2-2-768x960.jpg 768w, https:\/\/elmetidosv.com\/wp-content\/uploads\/2026\/04\/guate-2-2.jpg 1200w\" sizes=\"auto, (max-width: 819px) 100vw, 819px\" \/><\/figure>\n<\/figure>\n\n\n\n<p>Un hecho violento ha generado consternaci\u00f3n en el gremio period\u00edstico tras el asesinato de un comunicador en plena v\u00eda p\u00fablica en San Crist\u00f3bal Verapaz.<\/p>\n\n\n\n<p>De acuerdo con reportes preliminares, vecinos alertaron sobre m\u00faltiples detonaciones de arma de fuego cerca de una f\u00e1brica en la zona. Al salir de sus viviendas, encontraron el cuerpo de la v\u00edctima tendido en el suelo. Socorristas que acudieron al lugar confirmaron que ya no presentaba signos vitales.<\/p>\n\n\n\n<p>La v\u00edctima fue identificada como Carlos Humberto Cal, conocido como \u201cChino\u201d, integrante de la asociaci\u00f3n de periodistas de Cob\u00e1n.<\/p>\n\n\n\n<p>El hecho ha causado indignaci\u00f3n entre colegas y habitantes de la zona, quienes lamentan la p\u00e9rdida de un comunicador reconocido en la regi\u00f3n.<\/p>\n\n\n\n<p>Las autoridades de Guatemala han iniciado las investigaciones correspondientes para esclarecer el crimen y dar con los responsables.<\/p>\n\n\n\n<p>PUBLICIDAD <\/p>\n\n\n\n<figure class=\"wp-block-gallery has-nested-images columns-default is-cropped wp-block-gallery-2 is-layout-flex wp-block-gallery-is-layout-flex\">\n<figure class=\"wp-block-image size-large\"><img loading=\"lazy\" decoding=\"async\" width=\"600\" height=\"480\" data-id=\"25731\" src=\"https:\/\/elmetidosv.com\/wp-content\/uploads\/2026\/04\/car-wash-1-1.jpg\" alt=\"\" class=\"wp-image-25731\" srcset=\"https:\/\/elmetidosv.com\/wp-content\/uploads\/2026\/04\/car-wash-1-1.jpg 600w, https:\/\/elmetidosv.com\/wp-content\/uploads\/2026\/04\/car-wash-1-1-300x240.jpg 300w\" sizes=\"auto, (max-width: 600px) 100vw, 600px\" \/><\/figure>\n<\/figure>\n","protected":false},"excerpt":{"rendered":"<p>Un hecho violento ha generado consternaci\u00f3n en el gremio period\u00edstico tras el asesinato de un comunicador en plena v\u00eda p\u00fablica<\/p>\n","protected":false},"author":2,"featured_media":26488,"comment_status":"closed","ping_status":"","sticky":false,"template":"","format":"standard","meta":{"colormag_page_container_layout":"default_layout","colormag_page_sidebar_layout":"default_layout","footnotes":""},"categories":[3],"tags":[2625,939,96,7805,7807,1204,3352,167,2680,22,1092,7806,7804,93,963,216],"class_list":["post-26487","post","type-post","status-publish","format-standard","has-post-thumbnail","hentry","category-internacional","tag-asesinato","tag-ataque-armado","tag-autoridades","tag-autoridades-tags-guatemala","tag-coban","tag-crimen","tag-gremio-periodistico","tag-guatemala","tag-internacional","tag-investigacion","tag-noticias","tag-periodista","tag-san-cristobal-verapaz","tag-seguridad","tag-suceso","tag-violencia"],"_links":{"self":[{"href":"https:\/\/elmetidosv.com\/index.php?rest_route=\/wp\/v2\/posts\/26487","targetHints":{"allow":["GET"]}}],"collection":[{"href":"https:\/\/elmetidosv.com\/index.php?rest_route=\/wp\/v2\/posts"}],"about":[{"href":"https:\/\/elmetidosv.com\/index.php?rest_route=\/wp\/v2\/types\/post"}],"author":[{"embeddable":true,"href":"https:\/\/elmetidosv.com\/index.php?rest_route=\/wp\/v2\/users\/2"}],"replies":[{"embeddable":true,"href":"https:\/\/elmetidosv.com\/index.php?rest_route=%2Fwp%2Fv2%2Fcomments&post=26487"}],"version-history":[{"count":1,"href":"https:\/\/elmetidosv.com\/index.php?rest_route=\/wp\/v2\/posts\/26487\/revisions"}],"predecessor-version":[{"id":26490,"href":"https:\/\/elmetidosv.com\/index.php?rest_route=\/wp\/v2\/posts\/26487\/revisions\/26490"}],"wp:featuredmedia":[{"embeddable":true,"href":"https:\/\/elmetidosv.com\/index.php?rest_route=\/wp\/v2\/media\/26488"}],"wp:attachment":[{"href":"https:\/\/elmetidosv.com\/index.php?rest_route=%2Fwp%2Fv2%2Fmedia&parent=26487"}],"wp:term":[{"taxonomy":"category","embeddable":true,"href":"https:\/\/elmetidosv.com\/index.php?rest_route=%2Fwp%2Fv2%2Fcategories&post=26487"},{"taxonomy":"post_tag","embeddable":true,"href":"https:\/\/elmetidosv.com\/index.php?rest_route=%2Fwp%2Fv2%2Ftags&post=26487"}],"curies":[{"name":"wp","href":"https:\/\/api.w.org\/{rel}","templated":true}]}}