{"id":26483,"date":"2026-04-27T15:03:09","date_gmt":"2026-04-27T21:03:09","guid":{"rendered":"https:\/\/elmetidosv.com\/?p=26483"},"modified":"2026-04-27T15:03:09","modified_gmt":"2026-04-27T21:03:09","slug":"acusan-a-sospechoso-de-intento-de-magnicidio-contra-trump","status":"publish","type":"post","link":"https:\/\/elmetidosv.com\/?p=26483","title":{"rendered":"ACUSAN A SOSPECHOSO DE INTENTO DE MAGNICIDIO CONTRA TRUMP"},"content":{"rendered":"\n<figure class=\"wp-block-gallery has-nested-images columns-default is-cropped wp-block-gallery-1 is-layout-flex wp-block-gallery-is-layout-flex\">\n<figure class=\"wp-block-image size-large\"><img loading=\"lazy\" decoding=\"async\" width=\"642\" height=\"633\" data-id=\"26485\" src=\"https:\/\/elmetidosv.com\/wp-content\/uploads\/2026\/04\/trump-2.png\" alt=\"\" class=\"wp-image-26485\" srcset=\"https:\/\/elmetidosv.com\/wp-content\/uploads\/2026\/04\/trump-2.png 642w, https:\/\/elmetidosv.com\/wp-content\/uploads\/2026\/04\/trump-2-300x296.png 300w\" sizes=\"auto, (max-width: 642px) 100vw, 642px\" \/><\/figure>\n<\/figure>\n\n\n\n<p>Autoridades federales de Estados Unidos confirmaron que el detenido tras el incidente en la cena de corresponsales ten\u00eda como objetivo atacar al presidente Donald Trump y a otros altos funcionarios de su gabinete.<\/p>\n\n\n\n<p>El sospechoso, identificado como Cole Allen, fue presentado ante un tribunal en Washington, donde enfrenta cargos por uso de armas de fuego e intento de magnicidio, un delito que podr\u00eda derivar en cadena perpetua debido a la gravedad del caso.<\/p>\n\n\n\n<p>Seg\u00fan la fiscal\u00eda, el acusado habr\u00eda viajado desde California con la intenci\u00f3n de infiltrarse en el evento, lo que refuerza la hip\u00f3tesis de premeditaci\u00f3n en el ataque.<\/p>\n\n\n\n<p>Durante la audiencia, la fiscal Jeanine Pirro se\u00f1al\u00f3 que existen elementos suficientes para sustentar la acusaci\u00f3n, destacando la actuaci\u00f3n oportuna de las fuerzas de seguridad, que evit\u00f3 una posible tragedia.<\/p>\n\n\n\n<p>El imputado permanecer\u00e1 bajo custodia mientras se desarrolla el proceso judicial, con una nueva audiencia programada para el 30 de abril.<\/p>\n\n\n\n<p>Las autoridades contin\u00faan investigando el caso para esclarecer todos los detalles y posibles implicaciones adicionales.<\/p>\n\n\n\n<figure class=\"wp-block-gallery has-nested-images columns-default is-cropped wp-block-gallery-2 is-layout-flex wp-block-gallery-is-layout-flex\">\n<figure class=\"wp-block-image size-large\"><img loading=\"lazy\" decoding=\"async\" width=\"600\" height=\"480\" data-id=\"26048\" src=\"https:\/\/elmetidosv.com\/wp-content\/uploads\/2026\/04\/car-wash-1-2.jpg\" alt=\"\" class=\"wp-image-26048\" srcset=\"https:\/\/elmetidosv.com\/wp-content\/uploads\/2026\/04\/car-wash-1-2.jpg 600w, https:\/\/elmetidosv.com\/wp-content\/uploads\/2026\/04\/car-wash-1-2-300x240.jpg 300w\" sizes=\"auto, (max-width: 600px) 100vw, 600px\" \/><\/figure>\n<\/figure>\n","protected":false},"excerpt":{"rendered":"<p>Autoridades federales de Estados Unidos confirmaron que el detenido tras el incidente en la cena de corresponsales ten\u00eda como objetivo<\/p>\n","protected":false},"author":2,"featured_media":26484,"comment_status":"closed","ping_status":"","sticky":false,"template":"","format":"standard","meta":{"colormag_page_container_layout":"default_layout","colormag_page_sidebar_layout":"default_layout","footnotes":""},"categories":[3],"tags":[7802,7541,7803,96,168,7351,47,19,351,7800,22,7801,82,29,791,93,1382],"class_list":["post-26483","post","type-post","status-publish","format-standard","has-post-thumbnail","hentry","category-internacional","tag-acusado","tag-audiencia","tag-audiencia-tags-estados-unidos","tag-autoridades","tag-captura","tag-caso","tag-donald-trump","tag-estados-unidos","tag-fiscalia","tag-intento-de-magnicidio","tag-investigacion","tag-jeanine-pirro","tag-justicia","tag-noticias-internacionales","tag-politica","tag-seguridad","tag-tribunal"],"_links":{"self":[{"href":"https:\/\/elmetidosv.com\/index.php?rest_route=\/wp\/v2\/posts\/26483","targetHints":{"allow":["GET"]}}],"collection":[{"href":"https:\/\/elmetidosv.com\/index.php?rest_route=\/wp\/v2\/posts"}],"about":[{"href":"https:\/\/elmetidosv.com\/index.php?rest_route=\/wp\/v2\/types\/post"}],"author":[{"embeddable":true,"href":"https:\/\/elmetidosv.com\/index.php?rest_route=\/wp\/v2\/users\/2"}],"replies":[{"embeddable":true,"href":"https:\/\/elmetidosv.com\/index.php?rest_route=%2Fwp%2Fv2%2Fcomments&post=26483"}],"version-history":[{"count":1,"href":"https:\/\/elmetidosv.com\/index.php?rest_route=\/wp\/v2\/posts\/26483\/revisions"}],"predecessor-version":[{"id":26486,"href":"https:\/\/elmetidosv.com\/index.php?rest_route=\/wp\/v2\/posts\/26483\/revisions\/26486"}],"wp:featuredmedia":[{"embeddable":true,"href":"https:\/\/elmetidosv.com\/index.php?rest_route=\/wp\/v2\/media\/26484"}],"wp:attachment":[{"href":"https:\/\/elmetidosv.com\/index.php?rest_route=%2Fwp%2Fv2%2Fmedia&parent=26483"}],"wp:term":[{"taxonomy":"category","embeddable":true,"href":"https:\/\/elmetidosv.com\/index.php?rest_route=%2Fwp%2Fv2%2Fcategories&post=26483"},{"taxonomy":"post_tag","embeddable":true,"href":"https:\/\/elmetidosv.com\/index.php?rest_route=%2Fwp%2Fv2%2Ftags&post=26483"}],"curies":[{"name":"wp","href":"https:\/\/api.w.org\/{rel}","templated":true}]}}