{"id":26479,"date":"2026-04-27T14:42:02","date_gmt":"2026-04-27T20:42:02","guid":{"rendered":"https:\/\/elmetidosv.com\/?p=26479"},"modified":"2026-04-27T14:42:02","modified_gmt":"2026-04-27T20:42:02","slug":"adulto-mayor-resulta-lesionado-tras-ser-atropellado-en-soyapango","status":"publish","type":"post","link":"https:\/\/elmetidosv.com\/?p=26479","title":{"rendered":"ADULTO MAYOR RESULTA LESIONADO TRAS SER ATROPELLADO EN SOYAPANGO"},"content":{"rendered":"\n<figure class=\"wp-block-gallery has-nested-images columns-default is-cropped wp-block-gallery-1 is-layout-flex wp-block-gallery-is-layout-flex\">\n<figure class=\"wp-block-image size-large\"><img loading=\"lazy\" decoding=\"async\" width=\"334\" height=\"542\" data-id=\"26481\" src=\"https:\/\/elmetidosv.com\/wp-content\/uploads\/2026\/04\/anciano-2.png\" alt=\"\" class=\"wp-image-26481\" srcset=\"https:\/\/elmetidosv.com\/wp-content\/uploads\/2026\/04\/anciano-2.png 334w, https:\/\/elmetidosv.com\/wp-content\/uploads\/2026\/04\/anciano-2-185x300.png 185w\" sizes=\"auto, (max-width: 334px) 100vw, 334px\" \/><\/figure>\n<\/figure>\n\n\n\n<p>Un peat\u00f3n de la tercera edad result\u00f3 lesionado luego de ser atropellado por un autob\u00fas del transporte colectivo sobre la 2 Calle Oriente, en Soyapango.<\/p>\n\n\n\n<p>Socorristas de Cruz Verde Salvadore\u00f1a, seccional Soyapango, atendieron la emergencia en el lugar, brindando asistencia inmediata al afectado. Posteriormente, fue trasladado hacia un centro asistencial para una evaluaci\u00f3n m\u00e9dica m\u00e1s completa.<\/p>\n\n\n\n<p>El hecho gener\u00f3 preocupaci\u00f3n entre transe\u00fantes de la zona, mientras las autoridades reiteraron el llamado a los conductores a extremar precauciones, especialmente en \u00e1reas con alta circulaci\u00f3n peatonal, para prevenir este tipo de incidentes.<\/p>\n\n\n\n<figure class=\"wp-block-gallery has-nested-images columns-default is-cropped wp-block-gallery-2 is-layout-flex wp-block-gallery-is-layout-flex\">\n<figure class=\"wp-block-image size-large\"><img loading=\"lazy\" decoding=\"async\" width=\"600\" height=\"480\" data-id=\"26048\" src=\"https:\/\/elmetidosv.com\/wp-content\/uploads\/2026\/04\/car-wash-1-2.jpg\" alt=\"\" class=\"wp-image-26048\" srcset=\"https:\/\/elmetidosv.com\/wp-content\/uploads\/2026\/04\/car-wash-1-2.jpg 600w, https:\/\/elmetidosv.com\/wp-content\/uploads\/2026\/04\/car-wash-1-2-300x240.jpg 300w\" sizes=\"auto, (max-width: 600px) 100vw, 600px\" \/><\/figure>\n<\/figure>\n","protected":false},"excerpt":{"rendered":"<p>Un peat\u00f3n de la tercera edad result\u00f3 lesionado luego de ser atropellado por un autob\u00fas del transporte colectivo sobre la<\/p>\n","protected":false},"author":2,"featured_media":26480,"comment_status":"closed","ping_status":"","sticky":false,"template":"","format":"standard","meta":{"colormag_page_container_layout":"default_layout","colormag_page_sidebar_layout":"default_layout","footnotes":""},"categories":[1],"tags":[385,899,96,149,31,330,3234,1256,1092,900,60,122,142,120,6921,558],"class_list":["post-26479","post","type-post","status-publish","format-standard","has-post-thumbnail","hentry","category-nacional","tag-adulto-mayor","tag-atropello","tag-autoridades","tag-cruz-verde","tag-el-salvador","tag-emergencia","tag-incidente","tag-lesionado","tag-noticias","tag-peatones","tag-prevencion","tag-seguridad-vial","tag-soyapango","tag-transito","tag-transito-tags-el-salvador","tag-transporte-colectivo"],"_links":{"self":[{"href":"https:\/\/elmetidosv.com\/index.php?rest_route=\/wp\/v2\/posts\/26479","targetHints":{"allow":["GET"]}}],"collection":[{"href":"https:\/\/elmetidosv.com\/index.php?rest_route=\/wp\/v2\/posts"}],"about":[{"href":"https:\/\/elmetidosv.com\/index.php?rest_route=\/wp\/v2\/types\/post"}],"author":[{"embeddable":true,"href":"https:\/\/elmetidosv.com\/index.php?rest_route=\/wp\/v2\/users\/2"}],"replies":[{"embeddable":true,"href":"https:\/\/elmetidosv.com\/index.php?rest_route=%2Fwp%2Fv2%2Fcomments&post=26479"}],"version-history":[{"count":1,"href":"https:\/\/elmetidosv.com\/index.php?rest_route=\/wp\/v2\/posts\/26479\/revisions"}],"predecessor-version":[{"id":26482,"href":"https:\/\/elmetidosv.com\/index.php?rest_route=\/wp\/v2\/posts\/26479\/revisions\/26482"}],"wp:featuredmedia":[{"embeddable":true,"href":"https:\/\/elmetidosv.com\/index.php?rest_route=\/wp\/v2\/media\/26480"}],"wp:attachment":[{"href":"https:\/\/elmetidosv.com\/index.php?rest_route=%2Fwp%2Fv2%2Fmedia&parent=26479"}],"wp:term":[{"taxonomy":"category","embeddable":true,"href":"https:\/\/elmetidosv.com\/index.php?rest_route=%2Fwp%2Fv2%2Fcategories&post=26479"},{"taxonomy":"post_tag","embeddable":true,"href":"https:\/\/elmetidosv.com\/index.php?rest_route=%2Fwp%2Fv2%2Ftags&post=26479"}],"curies":[{"name":"wp","href":"https:\/\/api.w.org\/{rel}","templated":true}]}}