{"id":26474,"date":"2026-04-27T14:27:01","date_gmt":"2026-04-27T20:27:01","guid":{"rendered":"https:\/\/elmetidosv.com\/?p=26474"},"modified":"2026-04-27T14:27:01","modified_gmt":"2026-04-27T20:27:01","slug":"motociclista-resulta-lesionado-tras-accidente-en-santa-ana","status":"publish","type":"post","link":"https:\/\/elmetidosv.com\/?p=26474","title":{"rendered":"MOTOCICLISTA RESULTA LESIONADO TRAS ACCIDENTE EN SANTA ANA"},"content":{"rendered":"\n<figure class=\"wp-block-gallery has-nested-images columns-default is-cropped wp-block-gallery-1 is-layout-flex wp-block-gallery-is-layout-flex\">\n<figure class=\"wp-block-image size-large\"><img loading=\"lazy\" decoding=\"async\" width=\"1024\" height=\"792\" data-id=\"26476\" src=\"https:\/\/elmetidosv.com\/wp-content\/uploads\/2026\/04\/24-2-1024x792.jpg\" alt=\"\" class=\"wp-image-26476\" srcset=\"https:\/\/elmetidosv.com\/wp-content\/uploads\/2026\/04\/24-2-1024x792.jpg 1024w, https:\/\/elmetidosv.com\/wp-content\/uploads\/2026\/04\/24-2-300x232.jpg 300w, https:\/\/elmetidosv.com\/wp-content\/uploads\/2026\/04\/24-2-768x594.jpg 768w, https:\/\/elmetidosv.com\/wp-content\/uploads\/2026\/04\/24-2.jpg 1200w\" sizes=\"auto, (max-width: 1024px) 100vw, 1024px\" \/><\/figure>\n<\/figure>\n\n\n\n<p>Socorristas de Cruz Verde Salvadore\u00f1a, seccional Santa Ana, atendieron un accidente de tr\u00e1nsito registrado sobre la carretera Panamericana, a la altura del redondel Santa Mar\u00eda, en Santa Ana.<br>De acuerdo con el informe, un motociclista perdi\u00f3 el control de su veh\u00edculo e impact\u00f3 contra una zona verde a un costado de la v\u00eda.<br>El lesionado, un hombre de 39 a\u00f1os, fue evaluado por los socorristas, quienes determinaron que presentaba un trauma craneoencef\u00e1lico leve.<\/p>\n\n\n\n<figure class=\"wp-block-gallery has-nested-images columns-default is-cropped wp-block-gallery-2 is-layout-flex wp-block-gallery-is-layout-flex\">\n<figure class=\"wp-block-image size-large\"><img loading=\"lazy\" decoding=\"async\" width=\"1024\" height=\"584\" data-id=\"26477\" src=\"https:\/\/elmetidosv.com\/wp-content\/uploads\/2026\/04\/25-1024x584.jpg\" alt=\"\" class=\"wp-image-26477\" srcset=\"https:\/\/elmetidosv.com\/wp-content\/uploads\/2026\/04\/25-1024x584.jpg 1024w, https:\/\/elmetidosv.com\/wp-content\/uploads\/2026\/04\/25-300x171.jpg 300w, https:\/\/elmetidosv.com\/wp-content\/uploads\/2026\/04\/25-768x438.jpg 768w, https:\/\/elmetidosv.com\/wp-content\/uploads\/2026\/04\/25-1536x876.jpg 1536w, https:\/\/elmetidosv.com\/wp-content\/uploads\/2026\/04\/25.jpg 1600w\" sizes=\"auto, (max-width: 1024px) 100vw, 1024px\" \/><\/figure>\n<\/figure>\n\n\n\n<p><br>Tras ser estabilizado en el lugar, fue trasladado en condiciones estables hacia el Hospital San Juan de Dios para una atenci\u00f3n m\u00e9dica m\u00e1s especializada.<br>Las autoridades reiteran el llamado a conducir con precauci\u00f3n, especialmente en tramos de alto flujo vehicular, para prevenir este tipo de incidentes.<\/p>\n\n\n\n<figure class=\"wp-block-gallery has-nested-images columns-default is-cropped wp-block-gallery-3 is-layout-flex wp-block-gallery-is-layout-flex\">\n<figure class=\"wp-block-image size-large\"><img loading=\"lazy\" decoding=\"async\" width=\"1024\" height=\"1024\" data-id=\"23574\" src=\"https:\/\/elmetidosv.com\/wp-content\/uploads\/2026\/02\/santeins-2-bueno.jpeg\" alt=\"\" class=\"wp-image-23574\" srcset=\"https:\/\/elmetidosv.com\/wp-content\/uploads\/2026\/02\/santeins-2-bueno.jpeg 1024w, https:\/\/elmetidosv.com\/wp-content\/uploads\/2026\/02\/santeins-2-bueno-300x300.jpeg 300w, https:\/\/elmetidosv.com\/wp-content\/uploads\/2026\/02\/santeins-2-bueno-150x150.jpeg 150w, https:\/\/elmetidosv.com\/wp-content\/uploads\/2026\/02\/santeins-2-bueno-768x768.jpeg 768w\" sizes=\"auto, (max-width: 1024px) 100vw, 1024px\" \/><\/figure>\n<\/figure>\n","protected":false},"excerpt":{"rendered":"<p>Socorristas de Cruz Verde Salvadore\u00f1a, seccional Santa Ana, atendieron un accidente de tr\u00e1nsito registrado sobre la carretera Panamericana, a la<\/p>\n","protected":false},"author":2,"featured_media":26475,"comment_status":"closed","ping_status":"","sticky":false,"template":"","format":"standard","meta":{"colormag_page_container_layout":"default_layout","colormag_page_sidebar_layout":"default_layout","footnotes":""},"categories":[1],"tags":[261,96,1571,111,149,330,7194,1128,3234,1256,377,1092,60,7799,33,122,120,572],"class_list":["post-26474","post","type-post","status-publish","format-standard","has-post-thumbnail","hentry","category-nacional","tag-accidente","tag-autoridades","tag-carretera","tag-carretera-panamericana","tag-cruz-verde","tag-emergencia","tag-emergencia-tags-el-salvador","tag-hospital","tag-incidente","tag-lesionado","tag-motociclista","tag-noticias","tag-prevencion","tag-redondel-santa-maria","tag-santa-ana","tag-seguridad-vial","tag-transito","tag-trauma-craneoencefalico"],"_links":{"self":[{"href":"https:\/\/elmetidosv.com\/index.php?rest_route=\/wp\/v2\/posts\/26474","targetHints":{"allow":["GET"]}}],"collection":[{"href":"https:\/\/elmetidosv.com\/index.php?rest_route=\/wp\/v2\/posts"}],"about":[{"href":"https:\/\/elmetidosv.com\/index.php?rest_route=\/wp\/v2\/types\/post"}],"author":[{"embeddable":true,"href":"https:\/\/elmetidosv.com\/index.php?rest_route=\/wp\/v2\/users\/2"}],"replies":[{"embeddable":true,"href":"https:\/\/elmetidosv.com\/index.php?rest_route=%2Fwp%2Fv2%2Fcomments&post=26474"}],"version-history":[{"count":1,"href":"https:\/\/elmetidosv.com\/index.php?rest_route=\/wp\/v2\/posts\/26474\/revisions"}],"predecessor-version":[{"id":26478,"href":"https:\/\/elmetidosv.com\/index.php?rest_route=\/wp\/v2\/posts\/26474\/revisions\/26478"}],"wp:featuredmedia":[{"embeddable":true,"href":"https:\/\/elmetidosv.com\/index.php?rest_route=\/wp\/v2\/media\/26475"}],"wp:attachment":[{"href":"https:\/\/elmetidosv.com\/index.php?rest_route=%2Fwp%2Fv2%2Fmedia&parent=26474"}],"wp:term":[{"taxonomy":"category","embeddable":true,"href":"https:\/\/elmetidosv.com\/index.php?rest_route=%2Fwp%2Fv2%2Fcategories&post=26474"},{"taxonomy":"post_tag","embeddable":true,"href":"https:\/\/elmetidosv.com\/index.php?rest_route=%2Fwp%2Fv2%2Ftags&post=26474"}],"curies":[{"name":"wp","href":"https:\/\/api.w.org\/{rel}","templated":true}]}}