{"id":26469,"date":"2026-04-27T11:52:31","date_gmt":"2026-04-27T17:52:31","guid":{"rendered":"https:\/\/elmetidosv.com\/?p=26469"},"modified":"2026-04-27T11:52:31","modified_gmt":"2026-04-27T17:52:31","slug":"conductor-embiste-a-joven-en-el-centro-historico-de-san-salvador","status":"publish","type":"post","link":"https:\/\/elmetidosv.com\/?p=26469","title":{"rendered":"CONDUCTOR EMBISTE A JOVEN EN EL CENTRO HIST\u00d3RICO DE SAN SALVADOR"},"content":{"rendered":"\n<figure class=\"wp-block-gallery has-nested-images columns-default is-cropped wp-block-gallery-1 is-layout-flex wp-block-gallery-is-layout-flex\">\n<figure class=\"wp-block-image size-large\"><img loading=\"lazy\" decoding=\"async\" width=\"1024\" height=\"1024\" data-id=\"26471\" src=\"https:\/\/elmetidosv.com\/wp-content\/uploads\/2026\/04\/2-18-1024x1024.jpg\" alt=\"\" class=\"wp-image-26471\" srcset=\"https:\/\/elmetidosv.com\/wp-content\/uploads\/2026\/04\/2-18-1024x1024.jpg 1024w, https:\/\/elmetidosv.com\/wp-content\/uploads\/2026\/04\/2-18-300x300.jpg 300w, https:\/\/elmetidosv.com\/wp-content\/uploads\/2026\/04\/2-18-150x150.jpg 150w, https:\/\/elmetidosv.com\/wp-content\/uploads\/2026\/04\/2-18-768x768.jpg 768w, https:\/\/elmetidosv.com\/wp-content\/uploads\/2026\/04\/2-18.jpg 1200w\" sizes=\"auto, (max-width: 1024px) 100vw, 1024px\" \/><\/figure>\n<\/figure>\n\n\n\n<p>Una joven de 18 a\u00f1os result\u00f3 lesionada tras ser impactada por un veh\u00edculo en la final de la 6\u00aa Calle Poniente, en el sector del Barrio San Esteban, en el centro hist\u00f3rico de San Salvador.<\/p>\n\n\n\n<p>De acuerdo con los reportes, la v\u00edctima present\u00f3 un hematoma en la pierna izquierda, as\u00ed como dolor en la rodilla y el cuello, tras el incidente.<\/p>\n\n\n\n<figure class=\"wp-block-gallery has-nested-images columns-default is-cropped wp-block-gallery-2 is-layout-flex wp-block-gallery-is-layout-flex\">\n<figure class=\"wp-block-image size-large\"><img loading=\"lazy\" decoding=\"async\" width=\"1024\" height=\"1024\" data-id=\"26472\" src=\"https:\/\/elmetidosv.com\/wp-content\/uploads\/2026\/04\/3-6-1024x1024.jpg\" alt=\"\" class=\"wp-image-26472\" srcset=\"https:\/\/elmetidosv.com\/wp-content\/uploads\/2026\/04\/3-6-1024x1024.jpg 1024w, https:\/\/elmetidosv.com\/wp-content\/uploads\/2026\/04\/3-6-300x300.jpg 300w, https:\/\/elmetidosv.com\/wp-content\/uploads\/2026\/04\/3-6-150x150.jpg 150w, https:\/\/elmetidosv.com\/wp-content\/uploads\/2026\/04\/3-6-768x768.jpg 768w, https:\/\/elmetidosv.com\/wp-content\/uploads\/2026\/04\/3-6.jpg 1200w\" sizes=\"auto, (max-width: 1024px) 100vw, 1024px\" \/><\/figure>\n<\/figure>\n\n\n\n<p><\/p>\n\n\n\n<p>Personal del Sistema de Emergencias M\u00e9dicas (SEM) acudi\u00f3 al lugar para brindarle atenci\u00f3n, logrando estabilizarla y evaluar su condici\u00f3n en el sitio.<\/p>\n\n\n\n<p>Hasta el momento, no se han brindado detalles sobre la responsabilidad del conductor involucrado, por lo que ser\u00e1n las autoridades correspondientes las encargadas de determinar lo ocurrido.<\/p>\n\n\n\n<figure class=\"wp-block-gallery has-nested-images columns-default is-cropped wp-block-gallery-3 is-layout-flex wp-block-gallery-is-layout-flex\">\n<figure class=\"wp-block-image size-large\"><img loading=\"lazy\" decoding=\"async\" width=\"1024\" height=\"1024\" data-id=\"23574\" src=\"https:\/\/elmetidosv.com\/wp-content\/uploads\/2026\/02\/santeins-2-bueno.jpeg\" alt=\"\" class=\"wp-image-23574\" srcset=\"https:\/\/elmetidosv.com\/wp-content\/uploads\/2026\/02\/santeins-2-bueno.jpeg 1024w, https:\/\/elmetidosv.com\/wp-content\/uploads\/2026\/02\/santeins-2-bueno-300x300.jpeg 300w, https:\/\/elmetidosv.com\/wp-content\/uploads\/2026\/02\/santeins-2-bueno-150x150.jpeg 150w, https:\/\/elmetidosv.com\/wp-content\/uploads\/2026\/02\/santeins-2-bueno-768x768.jpeg 768w\" sizes=\"auto, (max-width: 1024px) 100vw, 1024px\" \/><\/figure>\n<\/figure>\n","protected":false},"excerpt":{"rendered":"<p>Una joven de 18 a\u00f1os result\u00f3 lesionada tras ser impactada por un veh\u00edculo en la final de la 6\u00aa Calle<\/p>\n","protected":false},"author":2,"featured_media":26470,"comment_status":"closed","ping_status":"","sticky":false,"template":"","format":"standard","meta":{"colormag_page_container_layout":"default_layout","colormag_page_sidebar_layout":"default_layout","footnotes":""},"categories":[1],"tags":[261,899,96,2485,7798,330,3234,6187,5000,7276,1092,60,126,122,130,120],"class_list":["post-26469","post","type-post","status-publish","format-standard","has-post-thumbnail","hentry","category-nacional","tag-accidente","tag-atropello","tag-autoridades","tag-centro-historico","tag-conductor-tags-el-salvador","tag-emergencia","tag-incidente","tag-joven","tag-joven-lesionada","tag-lesionada","tag-noticias","tag-prevencion","tag-san-salvador","tag-seguridad-vial","tag-sem","tag-transito"],"_links":{"self":[{"href":"https:\/\/elmetidosv.com\/index.php?rest_route=\/wp\/v2\/posts\/26469","targetHints":{"allow":["GET"]}}],"collection":[{"href":"https:\/\/elmetidosv.com\/index.php?rest_route=\/wp\/v2\/posts"}],"about":[{"href":"https:\/\/elmetidosv.com\/index.php?rest_route=\/wp\/v2\/types\/post"}],"author":[{"embeddable":true,"href":"https:\/\/elmetidosv.com\/index.php?rest_route=\/wp\/v2\/users\/2"}],"replies":[{"embeddable":true,"href":"https:\/\/elmetidosv.com\/index.php?rest_route=%2Fwp%2Fv2%2Fcomments&post=26469"}],"version-history":[{"count":1,"href":"https:\/\/elmetidosv.com\/index.php?rest_route=\/wp\/v2\/posts\/26469\/revisions"}],"predecessor-version":[{"id":26473,"href":"https:\/\/elmetidosv.com\/index.php?rest_route=\/wp\/v2\/posts\/26469\/revisions\/26473"}],"wp:featuredmedia":[{"embeddable":true,"href":"https:\/\/elmetidosv.com\/index.php?rest_route=\/wp\/v2\/media\/26470"}],"wp:attachment":[{"href":"https:\/\/elmetidosv.com\/index.php?rest_route=%2Fwp%2Fv2%2Fmedia&parent=26469"}],"wp:term":[{"taxonomy":"category","embeddable":true,"href":"https:\/\/elmetidosv.com\/index.php?rest_route=%2Fwp%2Fv2%2Fcategories&post=26469"},{"taxonomy":"post_tag","embeddable":true,"href":"https:\/\/elmetidosv.com\/index.php?rest_route=%2Fwp%2Fv2%2Ftags&post=26469"}],"curies":[{"name":"wp","href":"https:\/\/api.w.org\/{rel}","templated":true}]}}