{"id":26465,"date":"2026-04-27T11:14:10","date_gmt":"2026-04-27T17:14:10","guid":{"rendered":"https:\/\/elmetidosv.com\/?p=26465"},"modified":"2026-04-27T11:14:10","modified_gmt":"2026-04-27T17:14:10","slug":"persona-resulta-lesionada-tras-rina-en-ciudad-arce","status":"publish","type":"post","link":"https:\/\/elmetidosv.com\/?p=26465","title":{"rendered":"PERSONA RESULTA LESIONADA TRAS RI\u00d1A EN CIUDAD ARCE"},"content":{"rendered":"\n<figure class=\"wp-block-gallery has-nested-images columns-default is-cropped wp-block-gallery-1 is-layout-flex wp-block-gallery-is-layout-flex\">\n<figure class=\"wp-block-image size-large\"><img loading=\"lazy\" decoding=\"async\" width=\"576\" height=\"1024\" data-id=\"26467\" src=\"https:\/\/elmetidosv.com\/wp-content\/uploads\/2026\/04\/bolo-2-576x1024.jpg\" alt=\"\" class=\"wp-image-26467\" srcset=\"https:\/\/elmetidosv.com\/wp-content\/uploads\/2026\/04\/bolo-2-576x1024.jpg 576w, https:\/\/elmetidosv.com\/wp-content\/uploads\/2026\/04\/bolo-2-169x300.jpg 169w, https:\/\/elmetidosv.com\/wp-content\/uploads\/2026\/04\/bolo-2.jpg 747w\" sizes=\"auto, (max-width: 576px) 100vw, 576px\" \/><\/figure>\n<\/figure>\n\n\n\n<p>Una persona result\u00f3 lesionada la noche del domingo tras una ri\u00f1a registrada en el sector conocido como \u201cpasaje de los bolos\u201d, en el municipio de Ciudad Arce.<\/p>\n\n\n\n<p>De acuerdo con informaci\u00f3n preliminar, los involucrados habr\u00edan sostenido una discusi\u00f3n mientras inger\u00edan bebidas alcoh\u00f3licas, lo que deriv\u00f3 en un enfrentamiento f\u00edsico.<\/p>\n\n\n\n<p>Socorristas de Comandos de Salvamento acudieron al lugar para brindar atenci\u00f3n prehospitalaria al lesionado. No obstante, pese a las recomendaciones del personal de emergencia, la persona se neg\u00f3 a ser trasladada a un centro asistencial.<\/p>\n\n\n\n<p>Testigos indicaron que, tras recibir atenci\u00f3n en el sitio, el afectado se retir\u00f3 del lugar por sus propios medios.<\/p>\n\n\n\n<p>Las autoridades reiteraron el llamado a evitar este tipo de situaciones y a priorizar la seguridad personal, especialmente en contextos donde se puedan generar conflictos.<\/p>\n\n\n\n<figure class=\"wp-block-gallery has-nested-images columns-default is-cropped wp-block-gallery-2 is-layout-flex wp-block-gallery-is-layout-flex\">\n<figure class=\"wp-block-image size-large\"><img loading=\"lazy\" decoding=\"async\" width=\"600\" height=\"480\" data-id=\"26048\" src=\"https:\/\/elmetidosv.com\/wp-content\/uploads\/2026\/04\/car-wash-1-2.jpg\" alt=\"\" class=\"wp-image-26048\" srcset=\"https:\/\/elmetidosv.com\/wp-content\/uploads\/2026\/04\/car-wash-1-2.jpg 600w, https:\/\/elmetidosv.com\/wp-content\/uploads\/2026\/04\/car-wash-1-2-300x240.jpg 300w\" sizes=\"auto, (max-width: 600px) 100vw, 600px\" \/><\/figure>\n<\/figure>\n","protected":false},"excerpt":{"rendered":"<p>Una persona result\u00f3 lesionada la noche del domingo tras una ri\u00f1a registrada en el sector conocido como \u201cpasaje de los<\/p>\n","protected":false},"author":2,"featured_media":26466,"comment_status":"closed","ping_status":"","sticky":false,"template":"","format":"standard","meta":{"colormag_page_container_layout":"default_layout","colormag_page_sidebar_layout":"default_layout","footnotes":""},"categories":[1],"tags":[6428,5685,2765,96,112,117,259,3192,31,330,115,1256,1092,60,211,93],"class_list":["post-26465","post","type-post","status-publish","format-standard","has-post-thumbnail","hentry","category-nacional","tag-alcohol","tag-altercado","tag-atencion-prehospitalaria-tags-el-salvador","tag-autoridades","tag-ciudad-arce","tag-comandos-de-salvamento","tag-comunidad","tag-convivencia","tag-el-salvador","tag-emergencia","tag-la-libertad","tag-lesionado","tag-noticias","tag-prevencion","tag-rina","tag-seguridad"],"_links":{"self":[{"href":"https:\/\/elmetidosv.com\/index.php?rest_route=\/wp\/v2\/posts\/26465","targetHints":{"allow":["GET"]}}],"collection":[{"href":"https:\/\/elmetidosv.com\/index.php?rest_route=\/wp\/v2\/posts"}],"about":[{"href":"https:\/\/elmetidosv.com\/index.php?rest_route=\/wp\/v2\/types\/post"}],"author":[{"embeddable":true,"href":"https:\/\/elmetidosv.com\/index.php?rest_route=\/wp\/v2\/users\/2"}],"replies":[{"embeddable":true,"href":"https:\/\/elmetidosv.com\/index.php?rest_route=%2Fwp%2Fv2%2Fcomments&post=26465"}],"version-history":[{"count":1,"href":"https:\/\/elmetidosv.com\/index.php?rest_route=\/wp\/v2\/posts\/26465\/revisions"}],"predecessor-version":[{"id":26468,"href":"https:\/\/elmetidosv.com\/index.php?rest_route=\/wp\/v2\/posts\/26465\/revisions\/26468"}],"wp:featuredmedia":[{"embeddable":true,"href":"https:\/\/elmetidosv.com\/index.php?rest_route=\/wp\/v2\/media\/26466"}],"wp:attachment":[{"href":"https:\/\/elmetidosv.com\/index.php?rest_route=%2Fwp%2Fv2%2Fmedia&parent=26465"}],"wp:term":[{"taxonomy":"category","embeddable":true,"href":"https:\/\/elmetidosv.com\/index.php?rest_route=%2Fwp%2Fv2%2Fcategories&post=26465"},{"taxonomy":"post_tag","embeddable":true,"href":"https:\/\/elmetidosv.com\/index.php?rest_route=%2Fwp%2Fv2%2Ftags&post=26465"}],"curies":[{"name":"wp","href":"https:\/\/api.w.org\/{rel}","templated":true}]}}