{"id":26457,"date":"2026-04-27T09:25:24","date_gmt":"2026-04-27T15:25:24","guid":{"rendered":"https:\/\/elmetidosv.com\/?p=26457"},"modified":"2026-04-27T09:25:24","modified_gmt":"2026-04-27T15:25:24","slug":"atienden-a-hombre-lesionado-en-colonia-emanuel-santa-ana","status":"publish","type":"post","link":"https:\/\/elmetidosv.com\/?p=26457","title":{"rendered":"ATIENDEN A HOMBRE LESIONADO EN COLONIA EMANUEL, SANTA ANA"},"content":{"rendered":"\n<figure class=\"wp-block-gallery has-nested-images columns-default is-cropped wp-block-gallery-1 is-layout-flex wp-block-gallery-is-layout-flex\">\n<figure class=\"wp-block-image size-large\"><img loading=\"lazy\" decoding=\"async\" width=\"1024\" height=\"707\" data-id=\"26459\" src=\"https:\/\/elmetidosv.com\/wp-content\/uploads\/2026\/04\/santa-2-3-1024x707.jpg\" alt=\"\" class=\"wp-image-26459\" srcset=\"https:\/\/elmetidosv.com\/wp-content\/uploads\/2026\/04\/santa-2-3-1024x707.jpg 1024w, https:\/\/elmetidosv.com\/wp-content\/uploads\/2026\/04\/santa-2-3-300x207.jpg 300w, https:\/\/elmetidosv.com\/wp-content\/uploads\/2026\/04\/santa-2-3-768x530.jpg 768w, https:\/\/elmetidosv.com\/wp-content\/uploads\/2026\/04\/santa-2-3-392x272.jpg 392w, https:\/\/elmetidosv.com\/wp-content\/uploads\/2026\/04\/santa-2-3-130x90.jpg 130w, https:\/\/elmetidosv.com\/wp-content\/uploads\/2026\/04\/santa-2-3.jpg 1087w\" sizes=\"auto, (max-width: 1024px) 100vw, 1024px\" \/><\/figure>\n<\/figure>\n\n\n\n<p>Socorristas de Cruz Verde Salvadore\u00f1a, seccional Santa Ana Centro, informaron que atendieron a una persona lesionada en la colonia Emanuel, en Santa Ana.<br>De acuerdo con el reporte, al llegar al lugar evaluaron a un hombre de 31 a\u00f1os de edad, quien presentaba un trauma craneoencef\u00e1lico leve, aparentemente ocasionado por un golpe con un objeto contundente mientras se encontraba departiendo en la zona.<br>El paciente fue estabilizado en el sitio y posteriormente trasladado al Hospital San Juan de Dios, donde ingres\u00f3 en condiciones estables para recibir atenci\u00f3n m\u00e9dica.<br>Las autoridades reiteran el llamado a evitar situaciones que puedan derivar en incidentes y a promover la convivencia pac\u00edfica.<\/p>\n\n\n\n<figure class=\"wp-block-gallery has-nested-images columns-default is-cropped wp-block-gallery-2 is-layout-flex wp-block-gallery-is-layout-flex\">\n<figure class=\"wp-block-image size-large\"><img loading=\"lazy\" decoding=\"async\" width=\"600\" height=\"480\" data-id=\"26048\" src=\"https:\/\/elmetidosv.com\/wp-content\/uploads\/2026\/04\/car-wash-1-2.jpg\" alt=\"\" class=\"wp-image-26048\" srcset=\"https:\/\/elmetidosv.com\/wp-content\/uploads\/2026\/04\/car-wash-1-2.jpg 600w, https:\/\/elmetidosv.com\/wp-content\/uploads\/2026\/04\/car-wash-1-2-300x240.jpg 300w\" sizes=\"auto, (max-width: 600px) 100vw, 600px\" \/><\/figure>\n<\/figure>\n","protected":false},"excerpt":{"rendered":"<p>Socorristas de Cruz Verde Salvadore\u00f1a, seccional Santa Ana Centro, informaron que atendieron a una persona lesionada en la colonia Emanuel,<\/p>\n","protected":false},"author":2,"featured_media":26458,"comment_status":"closed","ping_status":"","sticky":false,"template":"","format":"standard","meta":{"colormag_page_container_layout":"default_layout","colormag_page_sidebar_layout":"default_layout","footnotes":""},"categories":[1],"tags":[1947,96,7793,149,31,330,1128,420,3234,1256,1092,887,33,93,5930,7794,7795,572],"class_list":["post-26457","post","type-post","status-publish","format-standard","has-post-thumbnail","hentry","category-nacional","tag-atencion-medica","tag-autoridades","tag-colonia-emanuel","tag-cruz-verde","tag-el-salvador","tag-emergencia","tag-hospital","tag-hospital-san-juan-de-dios","tag-incidente","tag-lesionado","tag-noticias","tag-salud","tag-santa-ana","tag-seguridad","tag-traslado","tag-traslado-tags-el-salvador","tag-trauma","tag-trauma-craneoencefalico"],"_links":{"self":[{"href":"https:\/\/elmetidosv.com\/index.php?rest_route=\/wp\/v2\/posts\/26457","targetHints":{"allow":["GET"]}}],"collection":[{"href":"https:\/\/elmetidosv.com\/index.php?rest_route=\/wp\/v2\/posts"}],"about":[{"href":"https:\/\/elmetidosv.com\/index.php?rest_route=\/wp\/v2\/types\/post"}],"author":[{"embeddable":true,"href":"https:\/\/elmetidosv.com\/index.php?rest_route=\/wp\/v2\/users\/2"}],"replies":[{"embeddable":true,"href":"https:\/\/elmetidosv.com\/index.php?rest_route=%2Fwp%2Fv2%2Fcomments&post=26457"}],"version-history":[{"count":1,"href":"https:\/\/elmetidosv.com\/index.php?rest_route=\/wp\/v2\/posts\/26457\/revisions"}],"predecessor-version":[{"id":26460,"href":"https:\/\/elmetidosv.com\/index.php?rest_route=\/wp\/v2\/posts\/26457\/revisions\/26460"}],"wp:featuredmedia":[{"embeddable":true,"href":"https:\/\/elmetidosv.com\/index.php?rest_route=\/wp\/v2\/media\/26458"}],"wp:attachment":[{"href":"https:\/\/elmetidosv.com\/index.php?rest_route=%2Fwp%2Fv2%2Fmedia&parent=26457"}],"wp:term":[{"taxonomy":"category","embeddable":true,"href":"https:\/\/elmetidosv.com\/index.php?rest_route=%2Fwp%2Fv2%2Fcategories&post=26457"},{"taxonomy":"post_tag","embeddable":true,"href":"https:\/\/elmetidosv.com\/index.php?rest_route=%2Fwp%2Fv2%2Ftags&post=26457"}],"curies":[{"name":"wp","href":"https:\/\/api.w.org\/{rel}","templated":true}]}}