{"id":26454,"date":"2026-04-27T08:53:48","date_gmt":"2026-04-27T14:53:48","guid":{"rendered":"https:\/\/elmetidosv.com\/?p=26454"},"modified":"2026-04-27T08:53:48","modified_gmt":"2026-04-27T14:53:48","slug":"aumentan-nuevamente-los-precios-de-los-combustibles-en-el-salvador","status":"publish","type":"post","link":"https:\/\/elmetidosv.com\/?p=26454","title":{"rendered":"AUMENTAN NUEVAMENTE LOS PRECIOS DE LOS COMBUSTIBLES EN EL SALVADOR"},"content":{"rendered":"\n<figure class=\"wp-block-gallery has-nested-images columns-default is-cropped wp-block-gallery-1 is-layout-flex wp-block-gallery-is-layout-flex\">\n<figure class=\"wp-block-image size-large\"><img loading=\"lazy\" decoding=\"async\" width=\"1024\" height=\"1024\" data-id=\"26455\" src=\"https:\/\/elmetidosv.com\/wp-content\/uploads\/2026\/04\/COMBU-1-1024x1024.jpg\" alt=\"\" class=\"wp-image-26455\" srcset=\"https:\/\/elmetidosv.com\/wp-content\/uploads\/2026\/04\/COMBU-1-1024x1024.jpg 1024w, https:\/\/elmetidosv.com\/wp-content\/uploads\/2026\/04\/COMBU-1-300x300.jpg 300w, https:\/\/elmetidosv.com\/wp-content\/uploads\/2026\/04\/COMBU-1-150x150.jpg 150w, https:\/\/elmetidosv.com\/wp-content\/uploads\/2026\/04\/COMBU-1-768x768.jpg 768w, https:\/\/elmetidosv.com\/wp-content\/uploads\/2026\/04\/COMBU-1-1536x1536.jpg 1536w, https:\/\/elmetidosv.com\/wp-content\/uploads\/2026\/04\/COMBU-1.jpg 2048w\" sizes=\"auto, (max-width: 1024px) 100vw, 1024px\" \/><\/figure>\n<\/figure>\n\n\n\n<p>Las autoridades informaron sobre un nuevo incremento en los precios de referencia de los combustibles en El Salvador, con un alza de 7 centavos de d\u00f3lar por gal\u00f3n en todas las zonas del pa\u00eds.<\/p>\n\n\n\n<p>El ajuste estar\u00e1 vigente del 28 de abril al 11 de mayo de 2026 y marca la segunda quincena consecutiva con incrementos en los costos de los derivados del petr\u00f3leo.<\/p>\n\n\n\n<p>De acuerdo con la informaci\u00f3n oficial, esta variaci\u00f3n responde a factores internacionales que influyen directamente en el mercado energ\u00e9tico. Entre ellos destacan las fluctuaciones en los precios del petr\u00f3leo a nivel global, la din\u00e1mica de oferta y demanda, as\u00ed como tensiones geopol\u00edticas en regiones productoras de crudo.<\/p>\n\n\n\n<p>Asimismo, reportes sobre inventarios de combustible en Estados Unidos y decisiones adoptadas por pa\u00edses exportadores contin\u00faan incidiendo en el comportamiento de los precios.<\/p>\n\n\n\n<p>Las autoridades reiteraron que los valores de referencia sirven como gu\u00eda para el mercado nacional y pueden experimentar variaciones seg\u00fan el contexto internacional.<\/p>\n\n\n\n<figure class=\"wp-block-gallery has-nested-images columns-default is-cropped wp-block-gallery-2 is-layout-flex wp-block-gallery-is-layout-flex\">\n<figure class=\"wp-block-image size-large\"><img loading=\"lazy\" decoding=\"async\" width=\"1024\" height=\"1024\" data-id=\"23574\" src=\"https:\/\/elmetidosv.com\/wp-content\/uploads\/2026\/02\/santeins-2-bueno.jpeg\" alt=\"\" class=\"wp-image-23574\" srcset=\"https:\/\/elmetidosv.com\/wp-content\/uploads\/2026\/02\/santeins-2-bueno.jpeg 1024w, https:\/\/elmetidosv.com\/wp-content\/uploads\/2026\/02\/santeins-2-bueno-300x300.jpeg 300w, https:\/\/elmetidosv.com\/wp-content\/uploads\/2026\/02\/santeins-2-bueno-150x150.jpeg 150w, https:\/\/elmetidosv.com\/wp-content\/uploads\/2026\/02\/santeins-2-bueno-768x768.jpeg 768w\" sizes=\"auto, (max-width: 1024px) 100vw, 1024px\" \/><\/figure>\n<\/figure>\n","protected":false},"excerpt":{"rendered":"<p>Las autoridades informaron sobre un nuevo incremento en los precios de referencia de los combustibles en El Salvador, con un<\/p>\n","protected":false},"author":2,"featured_media":24489,"comment_status":"closed","ping_status":"","sticky":false,"template":"","format":"standard","meta":{"colormag_page_container_layout":"default_layout","colormag_page_sidebar_layout":"default_layout","footnotes":""},"categories":[1],"tags":[7790,96,6602,1714,31,346,5169,2680,7671,1092,7792,341,6603,7247],"class_list":["post-26454","post","type-post","status-publish","format-standard","has-post-thumbnail","hentry","category-nacional","tag-aumento","tag-autoridades","tag-combustibles","tag-economia","tag-el-salvador","tag-energia","tag-gasolina","tag-internacional","tag-mercado","tag-noticias","tag-oferta-y-demanda","tag-petroleo","tag-precios","tag-referencia"],"_links":{"self":[{"href":"https:\/\/elmetidosv.com\/index.php?rest_route=\/wp\/v2\/posts\/26454","targetHints":{"allow":["GET"]}}],"collection":[{"href":"https:\/\/elmetidosv.com\/index.php?rest_route=\/wp\/v2\/posts"}],"about":[{"href":"https:\/\/elmetidosv.com\/index.php?rest_route=\/wp\/v2\/types\/post"}],"author":[{"embeddable":true,"href":"https:\/\/elmetidosv.com\/index.php?rest_route=\/wp\/v2\/users\/2"}],"replies":[{"embeddable":true,"href":"https:\/\/elmetidosv.com\/index.php?rest_route=%2Fwp%2Fv2%2Fcomments&post=26454"}],"version-history":[{"count":1,"href":"https:\/\/elmetidosv.com\/index.php?rest_route=\/wp\/v2\/posts\/26454\/revisions"}],"predecessor-version":[{"id":26456,"href":"https:\/\/elmetidosv.com\/index.php?rest_route=\/wp\/v2\/posts\/26454\/revisions\/26456"}],"wp:featuredmedia":[{"embeddable":true,"href":"https:\/\/elmetidosv.com\/index.php?rest_route=\/wp\/v2\/media\/24489"}],"wp:attachment":[{"href":"https:\/\/elmetidosv.com\/index.php?rest_route=%2Fwp%2Fv2%2Fmedia&parent=26454"}],"wp:term":[{"taxonomy":"category","embeddable":true,"href":"https:\/\/elmetidosv.com\/index.php?rest_route=%2Fwp%2Fv2%2Fcategories&post=26454"},{"taxonomy":"post_tag","embeddable":true,"href":"https:\/\/elmetidosv.com\/index.php?rest_route=%2Fwp%2Fv2%2Ftags&post=26454"}],"curies":[{"name":"wp","href":"https:\/\/api.w.org\/{rel}","templated":true}]}}