{"id":26450,"date":"2026-04-27T08:37:38","date_gmt":"2026-04-27T14:37:38","guid":{"rendered":"https:\/\/elmetidosv.com\/?p=26450"},"modified":"2026-04-27T08:37:38","modified_gmt":"2026-04-27T14:37:38","slug":"trump-afirma-que-mantuvo-la-calma-durante-incidente-en-cena-de-corresponsales","status":"publish","type":"post","link":"https:\/\/elmetidosv.com\/?p=26450","title":{"rendered":"TRUMP AFIRMA QUE MANTUVO LA CALMA DURANTE INCIDENTE EN CENA DE CORRESPONSALES"},"content":{"rendered":"\n<p>El presidente de Estados Unidos, Donald Trump, asegur\u00f3 que no estaba preocupado durante el incidente ocurrido en la cena de corresponsales de la Casa Blanca, seg\u00fan declar\u00f3 en una entrevista con 60 Minutes.<\/p>\n\n\n\n<p>De acuerdo con sus declaraciones, el mandatario fue evacuado por el Servicio Secreto mientras se desarrollaba la gala en el Hotel Hilton de Washington. Trump explic\u00f3 que inicialmente interpret\u00f3 los sonidos como un incidente menor antes de comprender la situaci\u00f3n.<\/p>\n\n\n\n<p>Durante la entrevista, tambi\u00e9n destac\u00f3 la reacci\u00f3n de la primera dama, Melania Trump, quien lo acompa\u00f1aba en el evento.<\/p>\n\n\n\n<p>Asimismo, el presidente rechaz\u00f3 las afirmaciones contenidas en el manifiesto del presunto responsable del incidente y cuestion\u00f3 la difusi\u00f3n de ese contenido en medios de comunicaci\u00f3n.<\/p>\n\n\n\n<p>Pese a lo ocurrido, Trump indic\u00f3 que planea realizar nuevamente el evento en un plazo aproximado de 30 d\u00edas, con medidas de seguridad reforzadas.<\/p>\n\n\n\n<p>Las autoridades contin\u00faan con las investigaciones para esclarecer los hechos registrados durante la actividad.<\/p>\n\n\n\n<figure class=\"wp-block-gallery has-nested-images columns-default is-cropped wp-block-gallery-1 is-layout-flex wp-block-gallery-is-layout-flex\">\n<figure class=\"wp-block-image size-large\"><img loading=\"lazy\" decoding=\"async\" width=\"600\" height=\"480\" data-id=\"26048\" src=\"https:\/\/elmetidosv.com\/wp-content\/uploads\/2026\/04\/car-wash-1-2.jpg\" alt=\"\" class=\"wp-image-26048\" srcset=\"https:\/\/elmetidosv.com\/wp-content\/uploads\/2026\/04\/car-wash-1-2.jpg 600w, https:\/\/elmetidosv.com\/wp-content\/uploads\/2026\/04\/car-wash-1-2-300x240.jpg 300w\" sizes=\"auto, (max-width: 600px) 100vw, 600px\" \/><\/figure>\n<\/figure>\n","protected":false},"excerpt":{"rendered":"<p>El presidente de Estados Unidos, Donald Trump, asegur\u00f3 que no estaba preocupado durante el incidente ocurrido en la cena de<\/p>\n","protected":false},"author":2,"featured_media":26451,"comment_status":"closed","ping_status":"","sticky":false,"template":"","format":"standard","meta":{"colormag_page_container_layout":"default_layout","colormag_page_sidebar_layout":"default_layout","footnotes":""},"categories":[3],"tags":[7787,96,3612,7786,7254,7788,47,19,7770,3234,22,7789,29,791,2088,93],"class_list":["post-26450","post","type-post","status-publish","format-standard","has-post-thumbnail","hentry","category-internacional","tag-60-minutes","tag-autoridades","tag-casa-blanca","tag-cena-de-corresponsales","tag-declaraciones","tag-declaraciones-tags-estados-unidos","tag-donald-trump","tag-estados-unidos","tag-evento","tag-incidente","tag-investigacion","tag-melania-trump","tag-noticias-internacionales","tag-politica","tag-presidente","tag-seguridad"],"_links":{"self":[{"href":"https:\/\/elmetidosv.com\/index.php?rest_route=\/wp\/v2\/posts\/26450","targetHints":{"allow":["GET"]}}],"collection":[{"href":"https:\/\/elmetidosv.com\/index.php?rest_route=\/wp\/v2\/posts"}],"about":[{"href":"https:\/\/elmetidosv.com\/index.php?rest_route=\/wp\/v2\/types\/post"}],"author":[{"embeddable":true,"href":"https:\/\/elmetidosv.com\/index.php?rest_route=\/wp\/v2\/users\/2"}],"replies":[{"embeddable":true,"href":"https:\/\/elmetidosv.com\/index.php?rest_route=%2Fwp%2Fv2%2Fcomments&post=26450"}],"version-history":[{"count":1,"href":"https:\/\/elmetidosv.com\/index.php?rest_route=\/wp\/v2\/posts\/26450\/revisions"}],"predecessor-version":[{"id":26452,"href":"https:\/\/elmetidosv.com\/index.php?rest_route=\/wp\/v2\/posts\/26450\/revisions\/26452"}],"wp:featuredmedia":[{"embeddable":true,"href":"https:\/\/elmetidosv.com\/index.php?rest_route=\/wp\/v2\/media\/26451"}],"wp:attachment":[{"href":"https:\/\/elmetidosv.com\/index.php?rest_route=%2Fwp%2Fv2%2Fmedia&parent=26450"}],"wp:term":[{"taxonomy":"category","embeddable":true,"href":"https:\/\/elmetidosv.com\/index.php?rest_route=%2Fwp%2Fv2%2Fcategories&post=26450"},{"taxonomy":"post_tag","embeddable":true,"href":"https:\/\/elmetidosv.com\/index.php?rest_route=%2Fwp%2Fv2%2Ftags&post=26450"}],"curies":[{"name":"wp","href":"https:\/\/api.w.org\/{rel}","templated":true}]}}