{"id":26446,"date":"2026-04-27T08:27:08","date_gmt":"2026-04-27T14:27:08","guid":{"rendered":"https:\/\/elmetidosv.com\/?p=26446"},"modified":"2026-04-27T08:27:08","modified_gmt":"2026-04-27T14:27:08","slug":"capturaron-a-los-involucrados-en-una-rina-frente-a-un-bar-en-apopa-tras-difusion-de-video","status":"publish","type":"post","link":"https:\/\/elmetidosv.com\/?p=26446","title":{"rendered":"CAPTURARON A LOS INVOLUCRADOS EN UNA RI\u00d1A FRENTE A UN BAR EN APOPA TRAS DIFUSI\u00d3N DE VIDEO"},"content":{"rendered":"\n<figure class=\"wp-block-gallery has-nested-images columns-default is-cropped wp-block-gallery-1 is-layout-flex wp-block-gallery-is-layout-flex\">\n<figure class=\"wp-block-image size-large\"><img loading=\"lazy\" decoding=\"async\" width=\"768\" height=\"1024\" data-id=\"26448\" src=\"https:\/\/elmetidosv.com\/wp-content\/uploads\/2026\/04\/apopa-12-768x1024.jpg\" alt=\"\" class=\"wp-image-26448\" srcset=\"https:\/\/elmetidosv.com\/wp-content\/uploads\/2026\/04\/apopa-12-768x1024.jpg 768w, https:\/\/elmetidosv.com\/wp-content\/uploads\/2026\/04\/apopa-12-225x300.jpg 225w, https:\/\/elmetidosv.com\/wp-content\/uploads\/2026\/04\/apopa-12.jpg 1080w\" sizes=\"auto, (max-width: 768px) 100vw, 768px\" \/><\/figure>\n<\/figure>\n\n\n\n<p>La Polic\u00eda Nacional Civil (PNC) inform\u00f3 sobre la captura de varias personas implicadas en una ri\u00f1a registrada frente a un bar ubicado en el kil\u00f3metro 12\u00bd de la carretera Troncal del Norte, en el distrito de Apopa.<\/p>\n\n\n\n<p>El caso tom\u00f3 relevancia luego de que un video del altercado fuera difundido en redes sociales, lo que permiti\u00f3 a las autoridades identificar y ubicar a los presuntos responsables.<\/p>\n\n\n\n<p>Los detenidos fueron identificados como Luis Alexander Campos Rauda, Jaqueline Lisbeth Alfaro Marroqu\u00edn, Michael Jerem\u00edas Borja Efigenio y Jorge Am\u00edlcar Mazariego Marroqu\u00edn, quienes ser\u00e1n remitidos por el delito de lesiones.<\/p>\n\n\n\n<p>Asimismo, Edwin Alexander Beltr\u00e1n Escobar enfrentar\u00e1 cargos por des\u00f3rdenes p\u00fablicos en el marco de este mismo incidente.<\/p>\n\n\n\n<p>De acuerdo con la PNC, el procedimiento se desarroll\u00f3 tras el an\u00e1lisis del material audiovisual, como parte de las acciones para mantener el orden y la seguridad en espacios p\u00fablicos.<\/p>\n\n\n\n<p>Las autoridades reiteraron el llamado a la poblaci\u00f3n a evitar este tipo de conductas y a contribuir con la denuncia de hechos que afecten la convivencia.<\/p>\n\n\n\n<p>PUBLICIDAD <\/p>\n\n\n\n<figure class=\"wp-block-gallery has-nested-images columns-default is-cropped wp-block-gallery-2 is-layout-flex wp-block-gallery-is-layout-flex\">\n<figure class=\"wp-block-image size-large\"><img loading=\"lazy\" decoding=\"async\" width=\"1024\" height=\"1024\" data-id=\"23574\" src=\"https:\/\/elmetidosv.com\/wp-content\/uploads\/2026\/02\/santeins-2-bueno.jpeg\" alt=\"\" class=\"wp-image-23574\" srcset=\"https:\/\/elmetidosv.com\/wp-content\/uploads\/2026\/02\/santeins-2-bueno.jpeg 1024w, https:\/\/elmetidosv.com\/wp-content\/uploads\/2026\/02\/santeins-2-bueno-300x300.jpeg 300w, https:\/\/elmetidosv.com\/wp-content\/uploads\/2026\/02\/santeins-2-bueno-150x150.jpeg 150w, https:\/\/elmetidosv.com\/wp-content\/uploads\/2026\/02\/santeins-2-bueno-768x768.jpeg 768w\" sizes=\"auto, (max-width: 1024px) 100vw, 1024px\" \/><\/figure>\n<\/figure>\n","protected":false},"excerpt":{"rendered":"<p>La Polic\u00eda Nacional Civil (PNC) inform\u00f3 sobre la captura de varias personas implicadas en una ri\u00f1a registrada frente a un<\/p>\n","protected":false},"author":2,"featured_media":26447,"comment_status":"closed","ping_status":"","sticky":false,"template":"","format":"standard","meta":{"colormag_page_container_layout":"default_layout","colormag_page_sidebar_layout":"default_layout","footnotes":""},"categories":[1],"tags":[448,96,84,1485,3192,3472,31,3234,82,215,1092,85,7754,211,93,3197,7306,250],"class_list":["post-26446","post","type-post","status-publish","format-standard","has-post-thumbnail","hentry","category-nacional","tag-apopa","tag-autoridades","tag-capturas","tag-carretera-troncal-del-norte","tag-convivencia","tag-desordenes-publicos","tag-el-salvador","tag-incidente","tag-justicia","tag-lesiones","tag-noticias","tag-pnc","tag-procedimiento","tag-rina","tag-seguridad","tag-seguridad-tags-el-salvador","tag-video","tag-video-viral"],"_links":{"self":[{"href":"https:\/\/elmetidosv.com\/index.php?rest_route=\/wp\/v2\/posts\/26446","targetHints":{"allow":["GET"]}}],"collection":[{"href":"https:\/\/elmetidosv.com\/index.php?rest_route=\/wp\/v2\/posts"}],"about":[{"href":"https:\/\/elmetidosv.com\/index.php?rest_route=\/wp\/v2\/types\/post"}],"author":[{"embeddable":true,"href":"https:\/\/elmetidosv.com\/index.php?rest_route=\/wp\/v2\/users\/2"}],"replies":[{"embeddable":true,"href":"https:\/\/elmetidosv.com\/index.php?rest_route=%2Fwp%2Fv2%2Fcomments&post=26446"}],"version-history":[{"count":1,"href":"https:\/\/elmetidosv.com\/index.php?rest_route=\/wp\/v2\/posts\/26446\/revisions"}],"predecessor-version":[{"id":26449,"href":"https:\/\/elmetidosv.com\/index.php?rest_route=\/wp\/v2\/posts\/26446\/revisions\/26449"}],"wp:featuredmedia":[{"embeddable":true,"href":"https:\/\/elmetidosv.com\/index.php?rest_route=\/wp\/v2\/media\/26447"}],"wp:attachment":[{"href":"https:\/\/elmetidosv.com\/index.php?rest_route=%2Fwp%2Fv2%2Fmedia&parent=26446"}],"wp:term":[{"taxonomy":"category","embeddable":true,"href":"https:\/\/elmetidosv.com\/index.php?rest_route=%2Fwp%2Fv2%2Fcategories&post=26446"},{"taxonomy":"post_tag","embeddable":true,"href":"https:\/\/elmetidosv.com\/index.php?rest_route=%2Fwp%2Fv2%2Ftags&post=26446"}],"curies":[{"name":"wp","href":"https:\/\/api.w.org\/{rel}","templated":true}]}}