{"id":26437,"date":"2026-04-26T15:55:27","date_gmt":"2026-04-26T21:55:27","guid":{"rendered":"https:\/\/elmetidosv.com\/?p=26437"},"modified":"2026-04-26T15:55:27","modified_gmt":"2026-04-26T21:55:27","slug":"identificaron-a-la-persona-encontrada-sin-vida-en-monte-san-juan-cuscatlan-sur-se-trata-de-un-militar-retidado","status":"publish","type":"post","link":"https:\/\/elmetidosv.com\/?p=26437","title":{"rendered":"IDENTIFICARON A LA PERSONA ENCONTRADA SIN VIDA EN MONTE SAN JUAN, CUSCATL\u00c1N SUR, SE TRATA DE UN MILITAR RETIDADO"},"content":{"rendered":"\n<figure class=\"wp-block-gallery has-nested-images columns-default is-cropped wp-block-gallery-1 is-layout-flex wp-block-gallery-is-layout-flex\">\n<figure class=\"wp-block-image size-large\"><img loading=\"lazy\" decoding=\"async\" width=\"358\" height=\"372\" data-id=\"26439\" src=\"https:\/\/elmetidosv.com\/wp-content\/uploads\/2026\/04\/SARGENTO-2.jpg\" alt=\"\" class=\"wp-image-26439\" srcset=\"https:\/\/elmetidosv.com\/wp-content\/uploads\/2026\/04\/SARGENTO-2.jpg 358w, https:\/\/elmetidosv.com\/wp-content\/uploads\/2026\/04\/SARGENTO-2-289x300.jpg 289w\" sizes=\"auto, (max-width: 358px) 100vw, 358px\" \/><\/figure>\n<\/figure>\n\n\n\n<p>Autoridades confirmaron la identidad de la persona localizada sin vida en un ca\u00f1al del cant\u00f3n San Andr\u00e9s, en el distrito de Monte San Juan.<br>De acuerdo con los reportes preliminares, se trata de Ju\u00e1rez Cruz, quien se desempe\u00f1\u00f3 como cabo de la Polic\u00eda Militar y recientemente se encontraba retirado. El fallecido resid\u00eda en el caser\u00edo Los Naranjos, cant\u00f3n El Carmen, en la misma jurisdicci\u00f3n.<\/p>\n\n\n\n<figure class=\"wp-block-gallery has-nested-images columns-default is-cropped wp-block-gallery-2 is-layout-flex wp-block-gallery-is-layout-flex\">\n<figure class=\"wp-block-image size-large\"><img loading=\"lazy\" decoding=\"async\" width=\"354\" height=\"372\" data-id=\"26440\" src=\"https:\/\/elmetidosv.com\/wp-content\/uploads\/2026\/04\/SARGENTO-1.jpg\" alt=\"\" class=\"wp-image-26440\" srcset=\"https:\/\/elmetidosv.com\/wp-content\/uploads\/2026\/04\/SARGENTO-1.jpg 354w, https:\/\/elmetidosv.com\/wp-content\/uploads\/2026\/04\/SARGENTO-1-285x300.jpg 285w\" sizes=\"auto, (max-width: 354px) 100vw, 354px\" \/><\/figure>\n<\/figure>\n\n\n\n<p><br>La escena fue atendida por la Polic\u00eda Nacional Civil (PNC), que inici\u00f3 las investigaciones correspondientes para determinar las causas del fallecimiento.<br>Hasta el momento, no se ha establecido una hip\u00f3tesis oficial sobre lo ocurrido, por lo que ser\u00e1n los peritajes y an\u00e1lisis forenses los que definan si se trat\u00f3 de una muerte por causas naturales u otra circunstancia.<br>El hecho ha generado consternaci\u00f3n entre familiares, amigos y habitantes de la zona, quienes lamentaron lo sucedido.<\/p>\n\n\n\n<p>PUBLICIDAD <\/p>\n\n\n\n<figure class=\"wp-block-gallery has-nested-images columns-default is-cropped wp-block-gallery-3 is-layout-flex wp-block-gallery-is-layout-flex\">\n<figure class=\"wp-block-image size-large\"><img loading=\"lazy\" decoding=\"async\" width=\"600\" height=\"480\" data-id=\"26048\" src=\"https:\/\/elmetidosv.com\/wp-content\/uploads\/2026\/04\/car-wash-1-2.jpg\" alt=\"\" class=\"wp-image-26048\" srcset=\"https:\/\/elmetidosv.com\/wp-content\/uploads\/2026\/04\/car-wash-1-2.jpg 600w, https:\/\/elmetidosv.com\/wp-content\/uploads\/2026\/04\/car-wash-1-2-300x240.jpg 300w\" sizes=\"auto, (max-width: 600px) 100vw, 600px\" \/><\/figure>\n<\/figure>\n","protected":false},"excerpt":{"rendered":"<p>Autoridades confirmaron la identidad de la persona localizada sin vida en un ca\u00f1al del cant\u00f3n San Andr\u00e9s, en el distrito<\/p>\n","protected":false},"author":2,"featured_media":26438,"comment_status":"closed","ping_status":"","sticky":false,"template":"","format":"standard","meta":{"colormag_page_container_layout":"default_layout","colormag_page_sidebar_layout":"default_layout","footnotes":""},"categories":[1],"tags":[96,7722,2752,7351,259,733,31,380,1633,22,7785,1092,456,85,2553,7754,93,963,5797],"class_list":["post-26437","post","type-post","status-publish","format-standard","has-post-thumbnail","hentry","category-nacional","tag-autoridades","tag-autoridades-tags-el-salvador","tag-canal","tag-caso","tag-comunidad","tag-cuscatlan","tag-el-salvador","tag-fallecido","tag-identificacion","tag-investigacion","tag-monte-san-juan","tag-noticias","tag-persona-fallecida","tag-pnc","tag-policia-militar","tag-procedimiento","tag-seguridad","tag-suceso","tag-zona-rural"],"_links":{"self":[{"href":"https:\/\/elmetidosv.com\/index.php?rest_route=\/wp\/v2\/posts\/26437","targetHints":{"allow":["GET"]}}],"collection":[{"href":"https:\/\/elmetidosv.com\/index.php?rest_route=\/wp\/v2\/posts"}],"about":[{"href":"https:\/\/elmetidosv.com\/index.php?rest_route=\/wp\/v2\/types\/post"}],"author":[{"embeddable":true,"href":"https:\/\/elmetidosv.com\/index.php?rest_route=\/wp\/v2\/users\/2"}],"replies":[{"embeddable":true,"href":"https:\/\/elmetidosv.com\/index.php?rest_route=%2Fwp%2Fv2%2Fcomments&post=26437"}],"version-history":[{"count":1,"href":"https:\/\/elmetidosv.com\/index.php?rest_route=\/wp\/v2\/posts\/26437\/revisions"}],"predecessor-version":[{"id":26441,"href":"https:\/\/elmetidosv.com\/index.php?rest_route=\/wp\/v2\/posts\/26437\/revisions\/26441"}],"wp:featuredmedia":[{"embeddable":true,"href":"https:\/\/elmetidosv.com\/index.php?rest_route=\/wp\/v2\/media\/26438"}],"wp:attachment":[{"href":"https:\/\/elmetidosv.com\/index.php?rest_route=%2Fwp%2Fv2%2Fmedia&parent=26437"}],"wp:term":[{"taxonomy":"category","embeddable":true,"href":"https:\/\/elmetidosv.com\/index.php?rest_route=%2Fwp%2Fv2%2Fcategories&post=26437"},{"taxonomy":"post_tag","embeddable":true,"href":"https:\/\/elmetidosv.com\/index.php?rest_route=%2Fwp%2Fv2%2Ftags&post=26437"}],"curies":[{"name":"wp","href":"https:\/\/api.w.org\/{rel}","templated":true}]}}