{"id":26433,"date":"2026-04-26T13:02:56","date_gmt":"2026-04-26T19:02:56","guid":{"rendered":"https:\/\/elmetidosv.com\/?p=26433"},"modified":"2026-04-26T13:02:56","modified_gmt":"2026-04-26T19:02:56","slug":"santa-ana-dos-personas-resultaron-lesionadas-tras-accidente-en-carretera-a-los-naranjos","status":"publish","type":"post","link":"https:\/\/elmetidosv.com\/?p=26433","title":{"rendered":"SANTA ANA; DOS PERSONAS RESULTARON LESIONADAS TRAS ACCIDENTE EN CARRETERA A LOS NARANJOS"},"content":{"rendered":"\n<figure class=\"wp-block-gallery has-nested-images columns-default is-cropped wp-block-gallery-1 is-layout-flex wp-block-gallery-is-layout-flex\">\n<figure class=\"wp-block-image size-large\"><img loading=\"lazy\" decoding=\"async\" width=\"576\" height=\"1024\" data-id=\"26435\" src=\"https:\/\/elmetidosv.com\/wp-content\/uploads\/2026\/04\/cantarrana-2-576x1024.jpg\" alt=\"\" class=\"wp-image-26435\" srcset=\"https:\/\/elmetidosv.com\/wp-content\/uploads\/2026\/04\/cantarrana-2-576x1024.jpg 576w, https:\/\/elmetidosv.com\/wp-content\/uploads\/2026\/04\/cantarrana-2-169x300.jpg 169w, https:\/\/elmetidosv.com\/wp-content\/uploads\/2026\/04\/cantarrana-2-768x1366.jpg 768w, https:\/\/elmetidosv.com\/wp-content\/uploads\/2026\/04\/cantarrana-2-864x1536.jpg 864w, https:\/\/elmetidosv.com\/wp-content\/uploads\/2026\/04\/cantarrana-2.jpg 899w\" sizes=\"auto, (max-width: 576px) 100vw, 576px\" \/><\/figure>\n<\/figure>\n\n\n\n<p>Socorristas de Cruz Verde Salvadore\u00f1a, seccional Santa Ana, atendieron una emergencia por un accidente de tr\u00e1nsito registrado sobre la carretera a Los Naranjos, en las cercan\u00edas del redondel de la zona de Izalco, en Sonsonate.<\/p>\n\n\n\n<p>Al llegar al lugar, los equipos de emergencia evaluaron a dos personas, una mujer y un hombre, quienes presentaban escoriaciones. Ambos fueron atendidos en el sitio por la unidad 231-003, sin requerir traslado a un centro asistencial.<\/p>\n\n\n\n<p>De acuerdo con los reportes preliminares, el percance se habr\u00eda originado debido a un derrame de aceite sobre la v\u00eda, lo que provoc\u00f3 que los ocupantes de la motocicleta perdieran el control y cayeran.<\/p>\n\n\n\n<p>Las autoridades reiteran el llamado a conducir con precauci\u00f3n, especialmente ante condiciones de riesgo en la carretera que puedan provocar este tipo de incidentes.<\/p>\n\n\n\n<figure class=\"wp-block-gallery has-nested-images columns-default is-cropped wp-block-gallery-2 is-layout-flex wp-block-gallery-is-layout-flex\">\n<figure class=\"wp-block-image size-large\"><img loading=\"lazy\" decoding=\"async\" width=\"600\" height=\"480\" data-id=\"26048\" src=\"https:\/\/elmetidosv.com\/wp-content\/uploads\/2026\/04\/car-wash-1-2.jpg\" alt=\"\" class=\"wp-image-26048\" srcset=\"https:\/\/elmetidosv.com\/wp-content\/uploads\/2026\/04\/car-wash-1-2.jpg 600w, https:\/\/elmetidosv.com\/wp-content\/uploads\/2026\/04\/car-wash-1-2-300x240.jpg 300w\" sizes=\"auto, (max-width: 600px) 100vw, 600px\" \/><\/figure>\n<\/figure>\n","protected":false},"excerpt":{"rendered":"<p>Socorristas de Cruz Verde Salvadore\u00f1a, seccional Santa Ana, atendieron una emergencia por un accidente de tr\u00e1nsito registrado sobre la carretera<\/p>\n","protected":false},"author":2,"featured_media":26434,"comment_status":"closed","ping_status":"","sticky":false,"template":"","format":"standard","meta":{"colormag_page_container_layout":"default_layout","colormag_page_sidebar_layout":"default_layout","footnotes":""},"categories":[1],"tags":[261,110,96,7784,5647,149,465,31,330,7194,1330,860,1064,1092,60,122,219,120],"class_list":["post-26433","post","type-post","status-publish","format-standard","has-post-thumbnail","hentry","category-nacional","tag-accidente","tag-accidente-de-transito","tag-autoridades","tag-carretera-a-los-naranjos","tag-conductores","tag-cruz-verde","tag-derrame-de-aceite","tag-el-salvador","tag-emergencia","tag-emergencia-tags-el-salvador","tag-izalco","tag-lesionados","tag-motocicleta","tag-noticias","tag-prevencion","tag-seguridad-vial","tag-sonsonate","tag-transito"],"_links":{"self":[{"href":"https:\/\/elmetidosv.com\/index.php?rest_route=\/wp\/v2\/posts\/26433","targetHints":{"allow":["GET"]}}],"collection":[{"href":"https:\/\/elmetidosv.com\/index.php?rest_route=\/wp\/v2\/posts"}],"about":[{"href":"https:\/\/elmetidosv.com\/index.php?rest_route=\/wp\/v2\/types\/post"}],"author":[{"embeddable":true,"href":"https:\/\/elmetidosv.com\/index.php?rest_route=\/wp\/v2\/users\/2"}],"replies":[{"embeddable":true,"href":"https:\/\/elmetidosv.com\/index.php?rest_route=%2Fwp%2Fv2%2Fcomments&post=26433"}],"version-history":[{"count":1,"href":"https:\/\/elmetidosv.com\/index.php?rest_route=\/wp\/v2\/posts\/26433\/revisions"}],"predecessor-version":[{"id":26436,"href":"https:\/\/elmetidosv.com\/index.php?rest_route=\/wp\/v2\/posts\/26433\/revisions\/26436"}],"wp:featuredmedia":[{"embeddable":true,"href":"https:\/\/elmetidosv.com\/index.php?rest_route=\/wp\/v2\/media\/26434"}],"wp:attachment":[{"href":"https:\/\/elmetidosv.com\/index.php?rest_route=%2Fwp%2Fv2%2Fmedia&parent=26433"}],"wp:term":[{"taxonomy":"category","embeddable":true,"href":"https:\/\/elmetidosv.com\/index.php?rest_route=%2Fwp%2Fv2%2Fcategories&post=26433"},{"taxonomy":"post_tag","embeddable":true,"href":"https:\/\/elmetidosv.com\/index.php?rest_route=%2Fwp%2Fv2%2Ftags&post=26433"}],"curies":[{"name":"wp","href":"https:\/\/api.w.org\/{rel}","templated":true}]}}