{"id":26429,"date":"2026-04-26T12:28:44","date_gmt":"2026-04-26T18:28:44","guid":{"rendered":"https:\/\/elmetidosv.com\/?p=26429"},"modified":"2026-04-26T12:28:44","modified_gmt":"2026-04-26T18:28:44","slug":"fesfut-presenta-nueva-imagen-institucional-en-su-91-aniversario","status":"publish","type":"post","link":"https:\/\/elmetidosv.com\/?p=26429","title":{"rendered":"FESFUT PRESENTA NUEVA IMAGEN INSTITUCIONAL EN SU 91\u00b0 ANIVERSARIO"},"content":{"rendered":"\n<figure class=\"wp-block-gallery has-nested-images columns-default is-cropped wp-block-gallery-1 is-layout-flex wp-block-gallery-is-layout-flex\">\n<figure class=\"wp-block-image size-large\"><img loading=\"lazy\" decoding=\"async\" width=\"720\" height=\"568\" data-id=\"26431\" src=\"https:\/\/elmetidosv.com\/wp-content\/uploads\/2026\/04\/fesfut-2.jpg\" alt=\"\" class=\"wp-image-26431\" srcset=\"https:\/\/elmetidosv.com\/wp-content\/uploads\/2026\/04\/fesfut-2.jpg 720w, https:\/\/elmetidosv.com\/wp-content\/uploads\/2026\/04\/fesfut-2-300x237.jpg 300w\" sizes=\"auto, (max-width: 720px) 100vw, 720px\" \/><\/figure>\n<\/figure>\n\n\n\n<p>La Federaci\u00f3n Salvadore\u00f1a de F\u00fatbol (FESFUT) present\u00f3 su nueva imagen institucional en el marco de su 91\u00b0 aniversario, como parte de una etapa de renovaci\u00f3n dentro de la entidad.<br>Seg\u00fan inform\u00f3 la instituci\u00f3n, el cambio responde a un proceso orientado a modernizar su estructura organizativa y fortalecer la gesti\u00f3n del f\u00fatbol nacional.<br>La FESFUT se\u00f1al\u00f3 que esta actualizaci\u00f3n busca proyectar una imagen m\u00e1s acorde a los desaf\u00edos actuales del deporte, con \u00e9nfasis en la eficiencia administrativa y el desarrollo integral del balompi\u00e9 salvadore\u00f1o.<br>El anuncio forma parte de una serie de acciones que la federaci\u00f3n prev\u00e9 implementar para impulsar el crecimiento del f\u00fatbol en el pa\u00eds.<\/p>\n\n\n\n<figure class=\"wp-block-gallery has-nested-images columns-default is-cropped wp-block-gallery-2 is-layout-flex wp-block-gallery-is-layout-flex\">\n<figure class=\"wp-block-image size-large\"><img loading=\"lazy\" decoding=\"async\" width=\"1024\" height=\"1024\" data-id=\"23574\" src=\"https:\/\/elmetidosv.com\/wp-content\/uploads\/2026\/02\/santeins-2-bueno.jpeg\" alt=\"\" class=\"wp-image-23574\" srcset=\"https:\/\/elmetidosv.com\/wp-content\/uploads\/2026\/02\/santeins-2-bueno.jpeg 1024w, https:\/\/elmetidosv.com\/wp-content\/uploads\/2026\/02\/santeins-2-bueno-300x300.jpeg 300w, https:\/\/elmetidosv.com\/wp-content\/uploads\/2026\/02\/santeins-2-bueno-150x150.jpeg 150w, https:\/\/elmetidosv.com\/wp-content\/uploads\/2026\/02\/santeins-2-bueno-768x768.jpeg 768w\" sizes=\"auto, (max-width: 1024px) 100vw, 1024px\" \/><\/figure>\n<\/figure>\n","protected":false},"excerpt":{"rendered":"<p>La Federaci\u00f3n Salvadore\u00f1a de F\u00fatbol (FESFUT) present\u00f3 su nueva imagen institucional en el marco de su 91\u00b0 aniversario, como parte<\/p>\n","protected":false},"author":2,"featured_media":26430,"comment_status":"closed","ping_status":"","sticky":false,"template":"","format":"standard","meta":{"colormag_page_container_layout":"default_layout","colormag_page_sidebar_layout":"default_layout","footnotes":""},"categories":[7],"tags":[7578,96,7781,6242,7783,31,7777,7773,1136,2635,7775,7776,7782,7780,7778,1092,7774,7779],"class_list":["post-26429","post","type-post","status-publish","format-standard","has-post-thumbnail","hentry","category-deportes","tag-aniversario-2","tag-autoridades","tag-cambio","tag-deporte","tag-desarrollo-deportivo","tag-el-salvador","tag-federacion","tag-federacion-salvadorena-de-futbol","tag-fesfut","tag-futbol","tag-gestion","tag-gestion-deportiva","tag-institucional","tag-modernizacion","tag-modernizacion-tags-el-salvador","tag-noticias","tag-nueva-imagen","tag-organizacion"],"_links":{"self":[{"href":"https:\/\/elmetidosv.com\/index.php?rest_route=\/wp\/v2\/posts\/26429","targetHints":{"allow":["GET"]}}],"collection":[{"href":"https:\/\/elmetidosv.com\/index.php?rest_route=\/wp\/v2\/posts"}],"about":[{"href":"https:\/\/elmetidosv.com\/index.php?rest_route=\/wp\/v2\/types\/post"}],"author":[{"embeddable":true,"href":"https:\/\/elmetidosv.com\/index.php?rest_route=\/wp\/v2\/users\/2"}],"replies":[{"embeddable":true,"href":"https:\/\/elmetidosv.com\/index.php?rest_route=%2Fwp%2Fv2%2Fcomments&post=26429"}],"version-history":[{"count":1,"href":"https:\/\/elmetidosv.com\/index.php?rest_route=\/wp\/v2\/posts\/26429\/revisions"}],"predecessor-version":[{"id":26432,"href":"https:\/\/elmetidosv.com\/index.php?rest_route=\/wp\/v2\/posts\/26429\/revisions\/26432"}],"wp:featuredmedia":[{"embeddable":true,"href":"https:\/\/elmetidosv.com\/index.php?rest_route=\/wp\/v2\/media\/26430"}],"wp:attachment":[{"href":"https:\/\/elmetidosv.com\/index.php?rest_route=%2Fwp%2Fv2%2Fmedia&parent=26429"}],"wp:term":[{"taxonomy":"category","embeddable":true,"href":"https:\/\/elmetidosv.com\/index.php?rest_route=%2Fwp%2Fv2%2Fcategories&post=26429"},{"taxonomy":"post_tag","embeddable":true,"href":"https:\/\/elmetidosv.com\/index.php?rest_route=%2Fwp%2Fv2%2Ftags&post=26429"}],"curies":[{"name":"wp","href":"https:\/\/api.w.org\/{rel}","templated":true}]}}