{"id":26424,"date":"2026-04-26T12:14:23","date_gmt":"2026-04-26T18:14:23","guid":{"rendered":"https:\/\/elmetidosv.com\/?p=26424"},"modified":"2026-04-26T12:14:23","modified_gmt":"2026-04-26T18:14:23","slug":"reportan-desorden-publico-en-sector-de-apopa-san-salvador","status":"publish","type":"post","link":"https:\/\/elmetidosv.com\/?p=26424","title":{"rendered":"REPORTAN DESORDEN P\u00daBLICO EN SECTOR DE APOPA, SAN SALVADOR"},"content":{"rendered":"\n<figure class=\"wp-block-gallery has-nested-images columns-default is-cropped wp-block-gallery-1 is-layout-flex wp-block-gallery-is-layout-flex\">\n<figure class=\"wp-block-image size-large\"><img loading=\"lazy\" decoding=\"async\" width=\"301\" height=\"233\" data-id=\"26426\" src=\"https:\/\/elmetidosv.com\/wp-content\/uploads\/2026\/04\/apopa-2.png\" alt=\"\" class=\"wp-image-26426\"\/><\/figure>\n<\/figure>\n\n\n\n<p>Un hecho de desorden p\u00fablico fue reportado en el municipio de Apopa, espec\u00edficamente en las cercan\u00edas de una gasolinera en la zona, donde un grupo de personas protagoniz\u00f3 un altercado en la v\u00eda p\u00fablica.<\/p>\n\n\n\n<p>De acuerdo con informaci\u00f3n preliminar, en el incidente estuvieron involucrados hombres y mujeres, generando preocupaci\u00f3n entre quienes transitaban por el sector.<\/p>\n\n\n\n<figure class=\"wp-block-gallery has-nested-images columns-default is-cropped wp-block-gallery-2 is-layout-flex wp-block-gallery-is-layout-flex\">\n<figure class=\"wp-block-image size-large\"><img loading=\"lazy\" decoding=\"async\" width=\"254\" height=\"166\" data-id=\"26427\" src=\"https:\/\/elmetidosv.com\/wp-content\/uploads\/2026\/04\/apopa-4.png\" alt=\"\" class=\"wp-image-26427\"\/><\/figure>\n<\/figure>\n\n\n\n<p>Hasta el momento, no se han confirmado las causas que originaron la situaci\u00f3n. Versiones de testigos se\u00f1alan distintos factores, aunque estas no han sido verificadas por las autoridades.<\/p>\n\n\n\n<p>Las instituciones de seguridad no han emitido un informe oficial detallado sobre el hecho, por lo que se espera informaci\u00f3n en las pr\u00f3ximas horas para esclarecer lo ocurrido.<\/p>\n\n\n\n<p>Las autoridades reiteran el llamado a la convivencia pac\u00edfica y al respeto en espacios p\u00fablicos, con el fin de evitar situaciones que puedan alterar el orden.<\/p>\n\n\n\n<p>VIDEO<\/p>\n\n\n\n<figure class=\"wp-block-embed is-type-rich is-provider-twitter wp-block-embed-twitter\"><div class=\"wp-block-embed__wrapper\">\n<blockquote class=\"twitter-tweet\" data-width=\"550\" data-dnt=\"true\"><p lang=\"es\" dir=\"ltr\"><a href=\"https:\/\/twitter.com\/hashtag\/ElSalvador?src=hash&amp;ref_src=twsrc%5Etfw\">#ElSalvador<\/a> <a href=\"https:\/\/twitter.com\/hashtag\/Apopa?src=hash&amp;ref_src=twsrc%5Etfw\">#Apopa<\/a> \ud83c\uddf8\ud83c\uddfb<br>Se registr\u00f3 un nuevo hecho de desorden p\u00fablico en Apopa, a la altura de la gasolinera Puma. Hasta el momento, se desconocen las causas de la ri\u00f1a. <a href=\"https:\/\/t.co\/7bbM956lNo\">pic.twitter.com\/7bbM956lNo<\/a><\/p>&mdash; El Metido (@elmetidooficial) <a href=\"https:\/\/twitter.com\/elmetidooficial\/status\/2048465277067665804?ref_src=twsrc%5Etfw\">April 26, 2026<\/a><\/blockquote><script async src=\"https:\/\/platform.twitter.com\/widgets.js\" charset=\"utf-8\"><\/script>\n<\/div><\/figure>\n","protected":false},"excerpt":{"rendered":"<p>Un hecho de desorden p\u00fablico fue reportado en el municipio de Apopa, espec\u00edficamente en las cercan\u00edas de una gasolinera en<\/p>\n","protected":false},"author":2,"featured_media":26425,"comment_status":"closed","ping_status":"","sticky":false,"template":"","format":"standard","meta":{"colormag_page_container_layout":"default_layout","colormag_page_sidebar_layout":"default_layout","footnotes":""},"categories":[1],"tags":[5685,448,96,7759,259,3192,7772,31,3234,1092,992,60,126,93,3197,963,7758],"class_list":["post-26424","post","type-post","status-publish","format-standard","has-post-thumbnail","hentry","category-nacional","tag-altercado","tag-apopa","tag-autoridades","tag-ciudadanos","tag-comunidad","tag-convivencia","tag-desorden-publico","tag-el-salvador","tag-incidente","tag-noticias","tag-orden-publico","tag-prevencion","tag-san-salvador","tag-seguridad","tag-seguridad-tags-el-salvador","tag-suceso","tag-via-publica"],"_links":{"self":[{"href":"https:\/\/elmetidosv.com\/index.php?rest_route=\/wp\/v2\/posts\/26424","targetHints":{"allow":["GET"]}}],"collection":[{"href":"https:\/\/elmetidosv.com\/index.php?rest_route=\/wp\/v2\/posts"}],"about":[{"href":"https:\/\/elmetidosv.com\/index.php?rest_route=\/wp\/v2\/types\/post"}],"author":[{"embeddable":true,"href":"https:\/\/elmetidosv.com\/index.php?rest_route=\/wp\/v2\/users\/2"}],"replies":[{"embeddable":true,"href":"https:\/\/elmetidosv.com\/index.php?rest_route=%2Fwp%2Fv2%2Fcomments&post=26424"}],"version-history":[{"count":1,"href":"https:\/\/elmetidosv.com\/index.php?rest_route=\/wp\/v2\/posts\/26424\/revisions"}],"predecessor-version":[{"id":26428,"href":"https:\/\/elmetidosv.com\/index.php?rest_route=\/wp\/v2\/posts\/26424\/revisions\/26428"}],"wp:featuredmedia":[{"embeddable":true,"href":"https:\/\/elmetidosv.com\/index.php?rest_route=\/wp\/v2\/media\/26425"}],"wp:attachment":[{"href":"https:\/\/elmetidosv.com\/index.php?rest_route=%2Fwp%2Fv2%2Fmedia&parent=26424"}],"wp:term":[{"taxonomy":"category","embeddable":true,"href":"https:\/\/elmetidosv.com\/index.php?rest_route=%2Fwp%2Fv2%2Fcategories&post=26424"},{"taxonomy":"post_tag","embeddable":true,"href":"https:\/\/elmetidosv.com\/index.php?rest_route=%2Fwp%2Fv2%2Ftags&post=26424"}],"curies":[{"name":"wp","href":"https:\/\/api.w.org\/{rel}","templated":true}]}}